{"id":860,"date":"2025-06-19T20:14:11","date_gmt":"2025-06-19T20:14:11","guid":{"rendered":"https:\/\/extremasportscolombia.com.co\/?p=860"},"modified":"2026-07-04T20:28:01","modified_gmt":"2026-07-04T20:28:01","slug":"kylian-mbappe-hospitalizado-por-gastroenteritis-en-el-mundial-de-clubes","status":"publish","type":"post","link":"https:\/\/extremasportscolombia.com.co\/?p=860","title":{"rendered":"Kylian Mbapp\u00e9 hospitalizado por gastroenteritis en el Mundial de Clubes"},"content":{"rendered":"\n<p class=\"wp-block-paragraph\">El delantero estrella del Real Madrid, <strong>Kylian Mbapp\u00e9<\/strong>, ha sido hospitalizado en Miami tras presentar un cuadro agudo de <strong>gastroenteritis<\/strong>, seg\u00fan confirm\u00f3 el club este mi\u00e9rcoles. El jugador comenz\u00f3 a sentir s\u00edntomas como fiebre, v\u00f3mitos y dolor abdominal desde el martes, y su estado empeor\u00f3 con el paso de las horas, lo que llev\u00f3 a su ingreso en un centro m\u00e9dico de la ciudad.<\/p>\n\n\n\n<p class=\"wp-block-paragraph\">En un comunicado oficial, el club inform\u00f3 que \u201cnuestro jugador presenta un cuadro agudo de gastroenteritis y ha sido hospitalizado para realizarle diferentes pruebas y aplicar el correspondiente tratamiento\u201d. Hasta ahora, Mbapp\u00e9 permanece <strong>aislado<\/strong>, bajo estricta vigilancia m\u00e9dica y sin fecha de alta confirmada.<\/p>\n\n\n\n<p class=\"wp-block-paragraph\"><strong>Baja clave para el Real Madrid<\/strong><\/p>\n\n\n\n<p class=\"wp-block-paragraph\">Mbapp\u00e9 no pudo disputar el primer partido del Madrid en el Mundial de Clubes, que termin\u00f3 en un <strong>empate 1-1 frente al Al Hilal<\/strong>. Su presencia para el pr\u00f3ximo encuentro frente a Pachuca sigue siendo incierta. El t\u00e9cnico <strong>Xabi Alonso<\/strong> declar\u00f3 en rueda de prensa:<\/p>\n\n\n\n<blockquote class=\"wp-block-quote is-layout-flow wp-block-quote-is-layout-flow\">\n<p class=\"wp-block-paragraph\">\u201cKylian ha estado mal en los \u00faltimos dos d\u00edas, con un proceso viral importante. Hay que ver c\u00f3mo evoluciona d\u00eda a d\u00eda\u201d.<\/p>\n<\/blockquote>\n\n\n\n<p class=\"wp-block-paragraph\">La ausencia de Mbapp\u00e9 representa un golpe duro para las aspiraciones del conjunto merengue en este torneo, donde es considerado uno de los grandes favoritos al t\u00edtulo.<\/p>\n\n\n\n<h3 class=\"wp-block-heading\">\u00bfQu\u00e9 sigue para Mbapp\u00e9?<\/h3>\n\n\n\n<p class=\"wp-block-paragraph\">El cuerpo m\u00e9dico del club ha indicado que se est\u00e1n realizando pruebas adicionales para descartar otras complicaciones. La prioridad es que el jugador se recupere por completo antes de volver a los entrenamientos. Aunque no se han revelado detalles exactos del tratamiento, se espera que est\u00e9 fuera de las canchas al menos <strong>hasta el cierre de la fase de grupos<\/strong>.<\/p>\n\n\n\n<p class=\"wp-block-paragraph\">La salud de Mbapp\u00e9 preocupa tanto a los fan\u00e1ticos como al cuerpo t\u00e9cnico del Real Madrid. En un torneo tan exigente como el Mundial de Clubes, perder a su principal referente ofensivo podr\u00eda marcar la diferencia. Ahora, todos los ojos est\u00e1n puestos en su evoluci\u00f3n y en c\u00f3mo responder\u00e1 el equipo en su ausencia.<\/p>\n","protected":false},"excerpt":{"rendered":"<p>El delantero estrella del Real Madrid, Kylian Mbapp\u00e9, ha sido hospitalizado en Miami tras presentar&#8230;<\/p>\n","protected":false},"author":1,"featured_media":1915,"comment_status":"open","ping_status":"open","sticky":false,"template":"","format":"standard","meta":{"_monsterinsights_skip_tracking":false,"footnotes":"","jetpack_publicize_message":"","jetpack_publicize_feature_enabled":true,"jetpack_social_post_already_shared":false,"jetpack_social_options":{"image_generator_settings":{"template":"highway","default_image_id":0,"font":"","enabled":false},"version":2}},"categories":[11],"tags":[],"post_badge":[],"class_list":["post-860","post","type-post","status-publish","format-standard","has-post-thumbnail","hentry","category-futbol-internacional"],"jetpack_publicize_connections":[],"featured_image_urls":{"full":["https:\/\/extremasportscolombia.com.co\/wp-content\/uploads\/2025\/06\/Kylian-Mbappe-hospitalizado-por-gastroenteritis-en-el-Mundial-de-Clubes.png",1536,1024,false],"thumbnail":["https:\/\/extremasportscolombia.com.co\/wp-content\/uploads\/2025\/06\/Kylian-Mbappe-hospitalizado-por-gastroenteritis-en-el-Mundial-de-Clubes-150x150.png",150,150,true],"medium":["https:\/\/extremasportscolombia.com.co\/wp-content\/uploads\/2025\/06\/Kylian-Mbappe-hospitalizado-por-gastroenteritis-en-el-Mundial-de-Clubes-300x200.png",300,200,true],"medium_large":["https:\/\/extremasportscolombia.com.co\/wp-content\/uploads\/2025\/06\/Kylian-Mbappe-hospitalizado-por-gastroenteritis-en-el-Mundial-de-Clubes-768x512.png",640,427,true],"large":["https:\/\/extremasportscolombia.com.co\/wp-content\/uploads\/2025\/06\/Kylian-Mbappe-hospitalizado-por-gastroenteritis-en-el-Mundial-de-Clubes-1024x683.png",640,427,true],"1536x1536":["https:\/\/extremasportscolombia.com.co\/wp-content\/uploads\/2025\/06\/Kylian-Mbappe-hospitalizado-por-gastroenteritis-en-el-Mundial-de-Clubes.png",1536,1024,false],"2048x2048":["https:\/\/extremasportscolombia.com.co\/wp-content\/uploads\/2025\/06\/Kylian-Mbappe-hospitalizado-por-gastroenteritis-en-el-Mundial-de-Clubes.png",1536,1024,false],"covernews-slider-full":["https:\/\/extremasportscolombia.com.co\/wp-content\/uploads\/2025\/06\/Kylian-Mbappe-hospitalizado-por-gastroenteritis-en-el-Mundial-de-Clubes.png",1073,715,false],"covernews-slider-center":["https:\/\/extremasportscolombia.com.co\/wp-content\/uploads\/2025\/06\/Kylian-Mbappe-hospitalizado-por-gastroenteritis-en-el-Mundial-de-Clubes.png",750,500,false],"covernews-featured":["https:\/\/extremasportscolombia.com.co\/wp-content\/uploads\/2025\/06\/Kylian-Mbappe-hospitalizado-por-gastroenteritis-en-el-Mundial-de-Clubes.png",1024,683,false],"covernews-medium":["https:\/\/extremasportscolombia.com.co\/wp-content\/uploads\/2025\/06\/Kylian-Mbappe-hospitalizado-por-gastroenteritis-en-el-Mundial-de-Clubes.png",510,340,false],"covernews-medium-square":["https:\/\/extremasportscolombia.com.co\/wp-content\/uploads\/2025\/06\/Kylian-Mbappe-hospitalizado-por-gastroenteritis-en-el-Mundial-de-Clubes.png",375,250,false]},"author_info":{"display_name":"admin","author_link":"https:\/\/extremasportscolombia.com.co\/?author=1"},"category_info":"<a href=\"https:\/\/extremasportscolombia.com.co\/?cat=11\" rel=\"category\">Futbol internacional<\/a>","tag_info":"Futbol internacional","comment_count":"0","_links":{"self":[{"href":"https:\/\/extremasportscolombia.com.co\/index.php?rest_route=\/wp\/v2\/posts\/860","targetHints":{"allow":["GET"]}}],"collection":[{"href":"https:\/\/extremasportscolombia.com.co\/index.php?rest_route=\/wp\/v2\/posts"}],"about":[{"href":"https:\/\/extremasportscolombia.com.co\/index.php?rest_route=\/wp\/v2\/types\/post"}],"author":[{"embeddable":true,"href":"https:\/\/extremasportscolombia.com.co\/index.php?rest_route=\/wp\/v2\/users\/1"}],"replies":[{"embeddable":true,"href":"https:\/\/extremasportscolombia.com.co\/index.php?rest_route=%2Fwp%2Fv2%2Fcomments&post=860"}],"version-history":[{"count":5,"href":"https:\/\/extremasportscolombia.com.co\/index.php?rest_route=\/wp\/v2\/posts\/860\/revisions"}],"predecessor-version":[{"id":866,"href":"https:\/\/extremasportscolombia.com.co\/index.php?rest_route=\/wp\/v2\/posts\/860\/revisions\/866"}],"wp:featuredmedia":[{"embeddable":true,"href":"https:\/\/extremasportscolombia.com.co\/index.php?rest_route=\/wp\/v2\/media\/1915"}],"wp:attachment":[{"href":"https:\/\/extremasportscolombia.com.co\/index.php?rest_route=%2Fwp%2Fv2%2Fmedia&parent=860"}],"wp:term":[{"taxonomy":"category","embeddable":true,"href":"https:\/\/extremasportscolombia.com.co\/index.php?rest_route=%2Fwp%2Fv2%2Fcategories&post=860"},{"taxonomy":"post_tag","embeddable":true,"href":"https:\/\/extremasportscolombia.com.co\/index.php?rest_route=%2Fwp%2Fv2%2Ftags&post=860"},{"taxonomy":"post_badge","embeddable":true,"href":"https:\/\/extremasportscolombia.com.co\/index.php?rest_route=%2Fwp%2Fv2%2Fpost_badge&post=860"}],"curies":[{"name":"wp","href":"https:\/\/api.w.org\/{rel}","templated":true}]}}