{"id":2249,"date":"2026-09-01T20:52:08","date_gmt":"2026-09-01T20:52:08","guid":{"rendered":"https:\/\/extremasportscolombia.com.co\/?p=2249"},"modified":"2026-09-01T20:52:18","modified_gmt":"2026-09-01T20:52:18","slug":"lamine-yamal-vuelve-a-hacer-historia-y-rompe-otro-record-con-el-barcelona","status":"publish","type":"post","link":"https:\/\/extremasportscolombia.com.co\/?p=2249","title":{"rendered":"Lamine Yamal vuelve a hacer historia y rompe otro r\u00e9cord con el Barcelona"},"content":{"rendered":"\n<p class=\"wp-block-paragraph\"><strong>Lamine Yamal no se cansa de hacer historia.<\/strong> El joven delantero del FC Barcelona volvi\u00f3 a ser protagonista este lunes en la goleada por 5-2 ante el Rayo Vallecano, en la tercera jornada de LaLiga, con una actuaci\u00f3n que volvi\u00f3 a poner su nombre en los libros de r\u00e9cords del f\u00fatbol europeo.<\/p>\n\n\n\n<p class=\"wp-block-paragraph\">El futbolista espa\u00f1ol firm\u00f3 un doblete en el Camp Nou y alcanz\u00f3 los <strong>51 goles con la camiseta del Barcelona<\/strong>. Su primer tanto lleg\u00f3 en el minuto 21, cuando recibi\u00f3 en la frontal del \u00e1rea y sac\u00f3 un potente disparo con la zurda para darle la vuelta al marcador. Ya en el minuto 90, apareci\u00f3 nuevamente para cerrar la goleada con otro magn\u00edfico remate.<\/p>\n\n\n\n<p class=\"wp-block-paragraph\">Con estos dos goles, Yamal alcanz\u00f3 la hist\u00f3rica cifra de <strong>50 tantos en las grandes ligas europeas a una edad r\u00e9cord<\/strong>, superando las marcas que anteriormente hab\u00edan conseguido estrellas como <strong>Kylian Mbapp\u00e9 y Erling Haaland<\/strong>. El jugador del Barcelona contin\u00faa demostrando que, pese a su juventud, ya puede competir estad\u00edsticamente con algunos de los grandes goleadores de su generaci\u00f3n.<\/p>\n\n\n\n<h3 class=\"wp-block-heading\">&#x1f525; Un Bar\u00e7a que arranca con paso perfecto<\/h3>\n\n\n\n<p class=\"wp-block-paragraph\">La actuaci\u00f3n de Yamal fue fundamental para que el Barcelona remontara un partido que comenz\u00f3 complicado. El Rayo Vallecano se adelant\u00f3 en el marcador con un gol de Sergio Camello, pero Raphinha y Yamal reaccionaron r\u00e1pidamente para poner al conjunto azulgrana por delante.<\/p>\n\n\n\n<p class=\"wp-block-paragraph\">Raphinha tambi\u00e9n consigui\u00f3 un doblete, mientras que un gol en propia puerta de Florian Lejeune complet\u00f3 el 5-2 definitivo. Con este resultado, el Barcelona suma <strong>tres victorias en las tres primeras jornadas de LaLiga<\/strong> y se mantiene en la parte alta de la clasificaci\u00f3n con nueve puntos.<\/p>\n\n\n\n<h3 class=\"wp-block-heading\">&#x2b50; El nuevo referente del Barcelona<\/h3>\n\n\n\n<p class=\"wp-block-paragraph\">A sus 19 a\u00f1os, Lamine Yamal contin\u00faa acumulando r\u00e9cords y dejando actuaciones que alimentan las comparaciones con algunas de las grandes figuras del f\u00fatbol mundial. Su capacidad para marcar, asistir y generar peligro lo ha convertido en una de las piezas fundamentales del proyecto azulgrana.<\/p>\n\n\n\n<p class=\"wp-block-paragraph\">El Barcelona ya tiene una nueva generaci\u00f3n de estrellas y Yamal parece decidido a escribir su propia historia. Despu\u00e9s de superar la barrera de los 50 goles, la pregunta ahora es hasta d\u00f3nde llegar\u00e1 el joven delantero espa\u00f1ol.<\/p>\n\n\n\n<p class=\"wp-block-paragraph\"><\/p>\n","protected":false},"excerpt":{"rendered":"<p>Lamine Yamal no se cansa de hacer historia. El joven delantero del FC Barcelona volvi\u00f3&#8230;<\/p>\n","protected":false},"author":3,"featured_media":2250,"comment_status":"open","ping_status":"open","sticky":false,"template":"","format":"standard","meta":{"_monsterinsights_skip_tracking":false,"footnotes":"","jetpack_publicize_message":"","jetpack_publicize_feature_enabled":true,"jetpack_social_post_already_shared":true,"jetpack_social_options":{"image_generator_settings":{"template":"highway","default_image_id":0,"font":"","enabled":false},"version":2}},"categories":[1],"tags":[],"post_badge":[],"class_list":["post-2249","post","type-post","status-publish","format-standard","has-post-thumbnail","hentry","category-futbol"],"jetpack_publicize_connections":[],"featured_image_urls":{"full":["https:\/\/extremasportscolombia.com.co\/wp-content\/uploads\/2026\/09\/YAMILE-LAMR.jpeg",1200,675,false],"thumbnail":["https:\/\/extremasportscolombia.com.co\/wp-content\/uploads\/2026\/09\/YAMILE-LAMR-150x150.jpeg",150,150,true],"medium":["https:\/\/extremasportscolombia.com.co\/wp-content\/uploads\/2026\/09\/YAMILE-LAMR-300x169.jpeg",300,169,true],"medium_large":["https:\/\/extremasportscolombia.com.co\/wp-content\/uploads\/2026\/09\/YAMILE-LAMR-768x432.jpeg",640,360,true],"large":["https:\/\/extremasportscolombia.com.co\/wp-content\/uploads\/2026\/09\/YAMILE-LAMR-1024x576.jpeg",640,360,true],"1536x1536":["https:\/\/extremasportscolombia.com.co\/wp-content\/uploads\/2026\/09\/YAMILE-LAMR.jpeg",1200,675,false],"2048x2048":["https:\/\/extremasportscolombia.com.co\/wp-content\/uploads\/2026\/09\/YAMILE-LAMR.jpeg",1200,675,false],"covernews-slider-full":["https:\/\/extremasportscolombia.com.co\/wp-content\/uploads\/2026\/09\/YAMILE-LAMR.jpeg",1115,627,false],"covernews-slider-center":["https:\/\/extremasportscolombia.com.co\/wp-content\/uploads\/2026\/09\/YAMILE-LAMR.jpeg",800,450,false],"covernews-featured":["https:\/\/extremasportscolombia.com.co\/wp-content\/uploads\/2026\/09\/YAMILE-LAMR-1024x576.jpeg",1024,576,true],"covernews-medium":["https:\/\/extremasportscolombia.com.co\/wp-content\/uploads\/2026\/09\/YAMILE-LAMR-540x340.jpeg",540,340,true],"covernews-medium-square":["https:\/\/extremasportscolombia.com.co\/wp-content\/uploads\/2026\/09\/YAMILE-LAMR.jpeg",400,225,false]},"author_info":{"display_name":"Rodrigo Aldana","author_link":"https:\/\/extremasportscolombia.com.co\/?author=3"},"category_info":"<a href=\"https:\/\/extremasportscolombia.com.co\/?cat=1\" rel=\"category\">Futbol Colombiano<\/a>","tag_info":"Futbol Colombiano","comment_count":"0","_links":{"self":[{"href":"https:\/\/extremasportscolombia.com.co\/index.php?rest_route=\/wp\/v2\/posts\/2249","targetHints":{"allow":["GET"]}}],"collection":[{"href":"https:\/\/extremasportscolombia.com.co\/index.php?rest_route=\/wp\/v2\/posts"}],"about":[{"href":"https:\/\/extremasportscolombia.com.co\/index.php?rest_route=\/wp\/v2\/types\/post"}],"author":[{"embeddable":true,"href":"https:\/\/extremasportscolombia.com.co\/index.php?rest_route=\/wp\/v2\/users\/3"}],"replies":[{"embeddable":true,"href":"https:\/\/extremasportscolombia.com.co\/index.php?rest_route=%2Fwp%2Fv2%2Fcomments&post=2249"}],"version-history":[{"count":1,"href":"https:\/\/extremasportscolombia.com.co\/index.php?rest_route=\/wp\/v2\/posts\/2249\/revisions"}],"predecessor-version":[{"id":2251,"href":"https:\/\/extremasportscolombia.com.co\/index.php?rest_route=\/wp\/v2\/posts\/2249\/revisions\/2251"}],"wp:featuredmedia":[{"embeddable":true,"href":"https:\/\/extremasportscolombia.com.co\/index.php?rest_route=\/wp\/v2\/media\/2250"}],"wp:attachment":[{"href":"https:\/\/extremasportscolombia.com.co\/index.php?rest_route=%2Fwp%2Fv2%2Fmedia&parent=2249"}],"wp:term":[{"taxonomy":"category","embeddable":true,"href":"https:\/\/extremasportscolombia.com.co\/index.php?rest_route=%2Fwp%2Fv2%2Fcategories&post=2249"},{"taxonomy":"post_tag","embeddable":true,"href":"https:\/\/extremasportscolombia.com.co\/index.php?rest_route=%2Fwp%2Fv2%2Ftags&post=2249"},{"taxonomy":"post_badge","embeddable":true,"href":"https:\/\/extremasportscolombia.com.co\/index.php?rest_route=%2Fwp%2Fv2%2Fpost_badge&post=2249"}],"curies":[{"name":"wp","href":"https:\/\/api.w.org\/{rel}","templated":true}]}}