{"id":2127,"date":"2026-08-19T15:17:06","date_gmt":"2026-08-19T15:17:06","guid":{"rendered":"https:\/\/extremasportscolombia.com.co\/?p=2127"},"modified":"2026-08-19T15:17:20","modified_gmt":"2026-08-19T15:17:20","slug":"semana-de-futbol-activa-para-colombia","status":"publish","type":"post","link":"https:\/\/extremasportscolombia.com.co\/?p=2127","title":{"rendered":"Semana de f\u00fatbol activa para Colombia"},"content":{"rendered":"\n<p class=\"wp-block-paragraph\">El f\u00fatbol vuelve a tomar protagonismo en Colombia. Despu\u00e9s de la pausa que tuvo el calendario, este mi\u00e9rcoles 19 de agosto se reactiva la actividad futbol\u00edstica con partidos de la Liga BetPlay y un importante compromiso internacional que tendr\u00e1 como protagonista a Independiente Santa Fe.<\/p>\n\n\n\n<h2 class=\"wp-block-heading\">&#x26bd; Regresa el f\u00fatbol colombiano<\/h2>\n\n\n\n<p class=\"wp-block-paragraph\">La Liga BetPlay retoma su calendario este mi\u00e9rcoles con varios encuentros que marcan el regreso de la competencia nacional. Los aficionados vuelven a tener f\u00fatbol en los estadios colombianos despu\u00e9s de la suspensi\u00f3n de los \u00faltimos d\u00edas.<\/p>\n\n\n\n<p class=\"wp-block-paragraph\">El regreso representa una buena noticia para los seguidores del f\u00fatbol colombiano, que esperan nuevamente disfrutar de sus equipos y de una jornada cargada de emociones.<\/p>\n\n\n\n<h2 class=\"wp-block-heading\">&#x1f534; Santa Fe recibe a River Plate<\/h2>\n\n\n\n<p class=\"wp-block-paragraph\">Uno de los partidos m\u00e1s esperados de la jornada ser\u00e1 el duelo entre <strong>Independiente Santa Fe y River Plate<\/strong>, correspondiente a la ida de los octavos de final de la Copa Sudamericana.<\/p>\n\n\n\n<p class=\"wp-block-paragraph\">El encuentro se disputar\u00e1 este mi\u00e9rcoles a las <strong>7:30 de la noche en el estadio El Camp\u00edn de Bogot\u00e1<\/strong>. El conjunto cardenal buscar\u00e1 conseguir un resultado positivo ante uno de los grandes equipos del f\u00fatbol argentino y dar el primer paso hacia los cuartos de final.<\/p>\n\n\n\n<p class=\"wp-block-paragraph\">Santa Fe tendr\u00e1 adem\u00e1s el respaldo de su afici\u00f3n en un partido que promete una gran noche de f\u00fatbol internacional en la capital colombiana.<\/p>\n\n\n\n<h2 class=\"wp-block-heading\">&#x1f3c6; Tambi\u00e9n hay Copa Libertadores<\/h2>\n\n\n\n<p class=\"wp-block-paragraph\">La jornada internacional tendr\u00e1 otro partido importante: <strong>Cerro Porte\u00f1o y Palmeiras<\/strong> se enfrentan por la vuelta de los octavos de final de la Copa Libertadores.<\/p>\n\n\n\n<p class=\"wp-block-paragraph\">La serie est\u00e1 igualada <strong>1-1<\/strong>, por lo que ambos equipos llegan con posibilidades de conseguir el paso a los cuartos de final. El encuentro se juega este mi\u00e9rcoles en Paraguay.<\/p>\n\n\n\n<h2 class=\"wp-block-heading\">&#x1f1e8;&#x1f1f4; Colombianos protagonistas en el exterior<\/h2>\n\n\n\n<p class=\"wp-block-paragraph\">Tambi\u00e9n hay buenas noticias para los futbolistas colombianos que compiten fuera del pa\u00eds. <strong>Sebasti\u00e1n Villa volvi\u00f3 a marcar con Boca Juniors<\/strong>, mientras que el arquero colombiano <strong>\u00c1lvaro Montero<\/strong> tuvo una actuaci\u00f3n importante en la clasificaci\u00f3n del equipo argentino a los cuartos de final de la Copa Sudamericana.<\/p>\n\n\n\n<h3 class=\"wp-block-heading\">&#x26bd; Una semana que vuelve a poner al f\u00fatbol en el centro<\/h3>\n\n\n\n<p class=\"wp-block-paragraph\">Con el regreso de la Liga BetPlay y los importantes compromisos internacionales, Colombia vuelve a vivir una semana cargada de f\u00fatbol. Los aficionados podr\u00e1n nuevamente acompa\u00f1ar a sus equipos en los estadios y seguir las actuaciones de los colombianos que brillan dentro y fuera del pa\u00eds.<\/p>\n\n\n\n<p class=\"wp-block-paragraph\"><strong>El f\u00fatbol colombiano est\u00e1 de vuelta y la pelota vuelve a rodar.<\/strong><\/p>\n","protected":false},"excerpt":{"rendered":"<p>El f\u00fatbol vuelve a tomar protagonismo en Colombia. Despu\u00e9s de la pausa que tuvo el&#8230;<\/p>\n","protected":false},"author":3,"featured_media":2128,"comment_status":"open","ping_status":"open","sticky":false,"template":"","format":"standard","meta":{"_monsterinsights_skip_tracking":false,"footnotes":"","jetpack_publicize_message":"","jetpack_publicize_feature_enabled":true,"jetpack_social_post_already_shared":true,"jetpack_social_options":{"image_generator_settings":{"template":"highway","default_image_id":0,"font":"","enabled":false},"version":2}},"categories":[1],"tags":[],"post_badge":[],"class_list":["post-2127","post","type-post","status-publish","format-standard","has-post-thumbnail","hentry","category-futbol"],"jetpack_publicize_connections":[],"featured_image_urls":{"full":["https:\/\/extremasportscolombia.com.co\/wp-content\/uploads\/2026\/08\/colombia-de-nuevo-al-futbol.jpeg",1273,860,false],"thumbnail":["https:\/\/extremasportscolombia.com.co\/wp-content\/uploads\/2026\/08\/colombia-de-nuevo-al-futbol-150x150.jpeg",150,150,true],"medium":["https:\/\/extremasportscolombia.com.co\/wp-content\/uploads\/2026\/08\/colombia-de-nuevo-al-futbol-300x203.jpeg",300,203,true],"medium_large":["https:\/\/extremasportscolombia.com.co\/wp-content\/uploads\/2026\/08\/colombia-de-nuevo-al-futbol-768x519.jpeg",640,433,true],"large":["https:\/\/extremasportscolombia.com.co\/wp-content\/uploads\/2026\/08\/colombia-de-nuevo-al-futbol-1024x692.jpeg",640,433,true],"1536x1536":["https:\/\/extremasportscolombia.com.co\/wp-content\/uploads\/2026\/08\/colombia-de-nuevo-al-futbol.jpeg",1273,860,false],"2048x2048":["https:\/\/extremasportscolombia.com.co\/wp-content\/uploads\/2026\/08\/colombia-de-nuevo-al-futbol.jpeg",1273,860,false],"covernews-slider-full":["https:\/\/extremasportscolombia.com.co\/wp-content\/uploads\/2026\/08\/colombia-de-nuevo-al-futbol.jpeg",1058,715,false],"covernews-slider-center":["https:\/\/extremasportscolombia.com.co\/wp-content\/uploads\/2026\/08\/colombia-de-nuevo-al-futbol.jpeg",740,500,false],"covernews-featured":["https:\/\/extremasportscolombia.com.co\/wp-content\/uploads\/2026\/08\/colombia-de-nuevo-al-futbol.jpeg",1024,692,false],"covernews-medium":["https:\/\/extremasportscolombia.com.co\/wp-content\/uploads\/2026\/08\/colombia-de-nuevo-al-futbol.jpeg",503,340,false],"covernews-medium-square":["https:\/\/extremasportscolombia.com.co\/wp-content\/uploads\/2026\/08\/colombia-de-nuevo-al-futbol.jpeg",370,250,false]},"author_info":{"display_name":"Rodrigo Aldana","author_link":"https:\/\/extremasportscolombia.com.co\/?author=3"},"category_info":"<a href=\"https:\/\/extremasportscolombia.com.co\/?cat=1\" rel=\"category\">Futbol Colombiano<\/a>","tag_info":"Futbol Colombiano","comment_count":"0","_links":{"self":[{"href":"https:\/\/extremasportscolombia.com.co\/index.php?rest_route=\/wp\/v2\/posts\/2127","targetHints":{"allow":["GET"]}}],"collection":[{"href":"https:\/\/extremasportscolombia.com.co\/index.php?rest_route=\/wp\/v2\/posts"}],"about":[{"href":"https:\/\/extremasportscolombia.com.co\/index.php?rest_route=\/wp\/v2\/types\/post"}],"author":[{"embeddable":true,"href":"https:\/\/extremasportscolombia.com.co\/index.php?rest_route=\/wp\/v2\/users\/3"}],"replies":[{"embeddable":true,"href":"https:\/\/extremasportscolombia.com.co\/index.php?rest_route=%2Fwp%2Fv2%2Fcomments&post=2127"}],"version-history":[{"count":1,"href":"https:\/\/extremasportscolombia.com.co\/index.php?rest_route=\/wp\/v2\/posts\/2127\/revisions"}],"predecessor-version":[{"id":2129,"href":"https:\/\/extremasportscolombia.com.co\/index.php?rest_route=\/wp\/v2\/posts\/2127\/revisions\/2129"}],"wp:featuredmedia":[{"embeddable":true,"href":"https:\/\/extremasportscolombia.com.co\/index.php?rest_route=\/wp\/v2\/media\/2128"}],"wp:attachment":[{"href":"https:\/\/extremasportscolombia.com.co\/index.php?rest_route=%2Fwp%2Fv2%2Fmedia&parent=2127"}],"wp:term":[{"taxonomy":"category","embeddable":true,"href":"https:\/\/extremasportscolombia.com.co\/index.php?rest_route=%2Fwp%2Fv2%2Fcategories&post=2127"},{"taxonomy":"post_tag","embeddable":true,"href":"https:\/\/extremasportscolombia.com.co\/index.php?rest_route=%2Fwp%2Fv2%2Ftags&post=2127"},{"taxonomy":"post_badge","embeddable":true,"href":"https:\/\/extremasportscolombia.com.co\/index.php?rest_route=%2Fwp%2Fv2%2Fpost_badge&post=2127"}],"curies":[{"name":"wp","href":"https:\/\/api.w.org\/{rel}","templated":true}]}}