{"id":2122,"date":"2026-08-12T13:17:55","date_gmt":"2026-08-12T13:17:55","guid":{"rendered":"https:\/\/extremasportscolombia.com.co\/?p=2122"},"modified":"2026-08-12T13:17:56","modified_gmt":"2026-08-12T13:17:56","slug":"juan-fernando-quintero-vuelve-a-ilusionar-a-los-hinchas-del-medellin","status":"publish","type":"post","link":"https:\/\/extremasportscolombia.com.co\/?p=2122","title":{"rendered":"Juan Fernando Quintero vuelve a ilusionar a los hinchas del Medell\u00edn"},"content":{"rendered":"\n<p class=\"wp-block-paragraph\">El regreso de <strong>Juan Fernando Quintero<\/strong> al f\u00fatbol colombiano vuelve a generar ilusi\u00f3n entre los aficionados. El talentoso mediocampista afronta una nueva etapa con el <strong>Independiente Medell\u00edn<\/strong>, club en el que ya dej\u00f3 grandes recuerdos y donde los hinchas esperan volver a disfrutar de su talento, sus pases y su capacidad para marcar diferencia en los partidos.<\/p>\n\n\n\n<p class=\"wp-block-paragraph\">Quintero, uno de los futbolistas colombianos m\u00e1s reconocidos de los \u00faltimos a\u00f1os, regresa despu\u00e9s de su participaci\u00f3n con la <strong>Selecci\u00f3n Colombia en el Mundial de 2026<\/strong>. Su experiencia y calidad t\u00e9cnica lo convierten en uno de los nombres que m\u00e1s expectativa genera de cara a la nueva etapa del campeonato.<\/p>\n\n\n\n<p class=\"wp-block-paragraph\">El futbolista ya se encuentra trabajando para ponerse a punto y comenzar a aportar al equipo. Su regreso representa tambi\u00e9n un atractivo importante para los aficionados del DIM, que esperan verlo nuevamente vestido con los colores del conjunto antioque\u00f1o.<\/p>\n\n\n\n<h3 class=\"wp-block-heading\">&#x1f1e8;&#x1f1f4; \u00bfCu\u00e1ndo volver\u00e1 el f\u00fatbol en Colombia?<\/h3>\n\n\n\n<p class=\"wp-block-paragraph\">El f\u00fatbol colombiano tuvo que detener su actividad despu\u00e9s del fuerte terremoto registrado en el pa\u00eds el pasado <strong>10 de agosto<\/strong>, situaci\u00f3n que llev\u00f3 a la DIMAYOR a suspender los partidos programados durante esta semana.<\/p>\n\n\n\n<p class=\"wp-block-paragraph\">La suspensi\u00f3n tambi\u00e9n afect\u00f3 los compromisos internacionales de los clubes colombianos. En la Copa Sudamericana, por ejemplo, fueron aplazados los encuentros <strong>Independiente Santa Fe vs. River Plate<\/strong> y <strong>Deportes Tolima vs. Independiente del Valle<\/strong>.<\/p>\n\n\n\n<p class=\"wp-block-paragraph\">La buena noticia para los aficionados es que <strong>los partidos ya comenzaron a ser reprogramados<\/strong>. CONMEBOL anunci\u00f3 que los encuentros internacionales aplazados se disputar\u00e1n la pr\u00f3xima semana: <strong>Tolima vs. Independiente del Valle est\u00e1 previsto para el 18 de agosto y Santa Fe vs. River Plate para el 19 de agosto<\/strong>, con sus respectivos partidos de vuelta programados posteriormente.<\/p>\n\n\n\n<p class=\"wp-block-paragraph\">De esta manera, el f\u00fatbol comienza poco a poco a recuperar su calendario, mientras Colombia contin\u00faa afrontando las consecuencias de la emergencia.<\/p>\n\n\n\n<p class=\"wp-block-paragraph\"><strong>\u00bfQu\u00e9 opinas del regreso de Juan Fernando Quintero al Medell\u00edn? \u00bfCrees que ser\u00e1 una de las grandes figuras del f\u00fatbol colombiano? D\u00e9janos tu comentario.<\/strong> &#x26bd;&#x1f534;&#x1f535;<\/p>\n","protected":false},"excerpt":{"rendered":"<p>El regreso de Juan Fernando Quintero al f\u00fatbol colombiano vuelve a generar ilusi\u00f3n entre los&#8230;<\/p>\n","protected":false},"author":3,"featured_media":2123,"comment_status":"open","ping_status":"open","sticky":false,"template":"","format":"standard","meta":{"_monsterinsights_skip_tracking":false,"footnotes":"","jetpack_publicize_message":"","jetpack_publicize_feature_enabled":true,"jetpack_social_post_already_shared":true,"jetpack_social_options":{"image_generator_settings":{"template":"highway","default_image_id":0,"font":"","enabled":false},"version":2}},"categories":[11],"tags":[],"post_badge":[],"class_list":["post-2122","post","type-post","status-publish","format-standard","has-post-thumbnail","hentry","category-futbol-internacional"],"jetpack_publicize_connections":[],"featured_image_urls":{"full":["https:\/\/extremasportscolombia.com.co\/wp-content\/uploads\/2026\/08\/juan-fernando-qunter.png",1536,1024,false],"thumbnail":["https:\/\/extremasportscolombia.com.co\/wp-content\/uploads\/2026\/08\/juan-fernando-qunter-150x150.png",150,150,true],"medium":["https:\/\/extremasportscolombia.com.co\/wp-content\/uploads\/2026\/08\/juan-fernando-qunter-300x200.png",300,200,true],"medium_large":["https:\/\/extremasportscolombia.com.co\/wp-content\/uploads\/2026\/08\/juan-fernando-qunter-768x512.png",640,427,true],"large":["https:\/\/extremasportscolombia.com.co\/wp-content\/uploads\/2026\/08\/juan-fernando-qunter-1024x683.png",640,427,true],"1536x1536":["https:\/\/extremasportscolombia.com.co\/wp-content\/uploads\/2026\/08\/juan-fernando-qunter.png",1536,1024,false],"2048x2048":["https:\/\/extremasportscolombia.com.co\/wp-content\/uploads\/2026\/08\/juan-fernando-qunter.png",1536,1024,false],"covernews-slider-full":["https:\/\/extremasportscolombia.com.co\/wp-content\/uploads\/2026\/08\/juan-fernando-qunter.png",1073,715,false],"covernews-slider-center":["https:\/\/extremasportscolombia.com.co\/wp-content\/uploads\/2026\/08\/juan-fernando-qunter.png",750,500,false],"covernews-featured":["https:\/\/extremasportscolombia.com.co\/wp-content\/uploads\/2026\/08\/juan-fernando-qunter.png",1024,683,false],"covernews-medium":["https:\/\/extremasportscolombia.com.co\/wp-content\/uploads\/2026\/08\/juan-fernando-qunter.png",510,340,false],"covernews-medium-square":["https:\/\/extremasportscolombia.com.co\/wp-content\/uploads\/2026\/08\/juan-fernando-qunter.png",375,250,false]},"author_info":{"display_name":"Rodrigo Aldana","author_link":"https:\/\/extremasportscolombia.com.co\/?author=3"},"category_info":"<a href=\"https:\/\/extremasportscolombia.com.co\/?cat=11\" rel=\"category\">Futbol internacional<\/a>","tag_info":"Futbol internacional","comment_count":"0","_links":{"self":[{"href":"https:\/\/extremasportscolombia.com.co\/index.php?rest_route=\/wp\/v2\/posts\/2122","targetHints":{"allow":["GET"]}}],"collection":[{"href":"https:\/\/extremasportscolombia.com.co\/index.php?rest_route=\/wp\/v2\/posts"}],"about":[{"href":"https:\/\/extremasportscolombia.com.co\/index.php?rest_route=\/wp\/v2\/types\/post"}],"author":[{"embeddable":true,"href":"https:\/\/extremasportscolombia.com.co\/index.php?rest_route=\/wp\/v2\/users\/3"}],"replies":[{"embeddable":true,"href":"https:\/\/extremasportscolombia.com.co\/index.php?rest_route=%2Fwp%2Fv2%2Fcomments&post=2122"}],"version-history":[{"count":1,"href":"https:\/\/extremasportscolombia.com.co\/index.php?rest_route=\/wp\/v2\/posts\/2122\/revisions"}],"predecessor-version":[{"id":2124,"href":"https:\/\/extremasportscolombia.com.co\/index.php?rest_route=\/wp\/v2\/posts\/2122\/revisions\/2124"}],"wp:featuredmedia":[{"embeddable":true,"href":"https:\/\/extremasportscolombia.com.co\/index.php?rest_route=\/wp\/v2\/media\/2123"}],"wp:attachment":[{"href":"https:\/\/extremasportscolombia.com.co\/index.php?rest_route=%2Fwp%2Fv2%2Fmedia&parent=2122"}],"wp:term":[{"taxonomy":"category","embeddable":true,"href":"https:\/\/extremasportscolombia.com.co\/index.php?rest_route=%2Fwp%2Fv2%2Fcategories&post=2122"},{"taxonomy":"post_tag","embeddable":true,"href":"https:\/\/extremasportscolombia.com.co\/index.php?rest_route=%2Fwp%2Fv2%2Ftags&post=2122"},{"taxonomy":"post_badge","embeddable":true,"href":"https:\/\/extremasportscolombia.com.co\/index.php?rest_route=%2Fwp%2Fv2%2Fpost_badge&post=2122"}],"curies":[{"name":"wp","href":"https:\/\/api.w.org\/{rel}","templated":true}]}}