{"id":2118,"date":"2026-08-11T13:22:27","date_gmt":"2026-08-11T13:22:27","guid":{"rendered":"https:\/\/extremasportscolombia.com.co\/?p=2118"},"modified":"2026-08-11T13:22:40","modified_gmt":"2026-08-11T13:22:40","slug":"el-futbol-colombiano-se-detiene-tras-el-terremoto-suspendida-la-jornada-de-la-liga-betplay","status":"publish","type":"post","link":"https:\/\/extremasportscolombia.com.co\/?p=2118","title":{"rendered":"El f\u00fatbol colombiano se detiene tras el terremoto: suspendida la jornada de la Liga BetPlay"},"content":{"rendered":"\n<p class=\"wp-block-paragraph\">El f\u00fatbol colombiano pasa a un segundo plano ante la dif\u00edcil situaci\u00f3n que atraviesa el pa\u00eds. Tras el fuerte terremoto que sacudi\u00f3 a Colombia, <strong>DIMAYOR decidi\u00f3 suspender los partidos programados para esta semana<\/strong>, incluyendo encuentros de la Liga BetPlay, el Torneo BetPlay, la Copa Colombia y la Liga Femenina. Los compromisos ser\u00e1n reprogramados posteriormente.<\/p>\n\n\n\n<p class=\"wp-block-paragraph\">La decisi\u00f3n se toma en medio de las labores de atenci\u00f3n y recuperaci\u00f3n que se adelantan en las zonas m\u00e1s afectadas por el sismo, priorizando la seguridad y el bienestar de los ciudadanos.<\/p>\n\n\n\n<p class=\"wp-block-paragraph\">En estos momentos, el resultado de un partido queda en segundo plano. <strong>Lo verdaderamente importante son las vidas, las familias afectadas y todas las personas que est\u00e1n trabajando para ayudar a quienes m\u00e1s lo necesitan.<\/strong><\/p>\n\n\n\n<p class=\"wp-block-paragraph\">Desde este espacio queremos enviar un mensaje de solidaridad, fuerza y esperanza a todos nuestros compatriotas que est\u00e1n viviendo momentos tan dolorosos. &#x1f1e8;&#x1f1f4;&#x1f49b;&#x1f499;&#x2764;&#xfe0f;<\/p>\n\n\n\n<p class=\"wp-block-paragraph\"><strong>Estamos con Colombia. Mucha fuerza para las familias afectadas y para todos los equipos de rescate y voluntarios que trabajan incansablemente en las zonas afectadas.<\/strong><\/p>\n\n\n\n<p class=\"wp-block-paragraph\"><\/p>\n\n\n\n<p class=\"wp-block-paragraph\"><strong> entre ottras noticias del terremoto y el futbol, Ni\u00f1os futbolistas de M\u00e9xico quedan varados en Colombia tras el terremoto y buscan regresar a casa<\/strong><\/p>\n\n\n\n<p class=\"wp-block-paragraph\">Mientras Colombia atraviesa uno de sus momentos m\u00e1s dif\u00edciles tras el fuerte terremoto que sacudi\u00f3 al pa\u00eds, tambi\u00e9n se conoci\u00f3 una historia que ha generado preocupaci\u00f3n y solidaridad en el mundo del f\u00fatbol.<\/p>\n\n\n\n<p class=\"wp-block-paragraph\">Un grupo de <strong>ni\u00f1os futbolistas de Tijuana, M\u00e9xico<\/strong>, qued\u00f3 varado en Colombia luego de que el terremoto afectara las operaciones y complicara su regreso a casa.<\/p>\n\n\n\n<p class=\"wp-block-paragraph\">Se trata del equipo infantil <strong>Leyendas Obeliz<\/strong>, cuyos jugadores, de aproximadamente 11 a\u00f1os, viajaron hasta la ciudad de Armenia para participar en la <strong>International Kids Cup<\/strong>, torneo internacional de f\u00fatbol sala que se disput\u00f3 entre el 5 y el 8 de agosto.<\/p>\n\n\n\n<h3 class=\"wp-block-heading\">&#x1f3c6; De celebrar un campeonato a vivir momentos de incertidumbre<\/h3>\n\n\n\n<p class=\"wp-block-paragraph\">La delegaci\u00f3n mexicana hab\u00eda vivido una experiencia inolvidable al conseguir el campeonato del torneo. Sin embargo, pocas horas despu\u00e9s, la alegr\u00eda se transform\u00f3 en preocupaci\u00f3n debido al fuerte sismo que afect\u00f3 diferentes zonas de Colombia.<\/p>\n\n\n\n<p class=\"wp-block-paragraph\">Los peque\u00f1os se encontraban en un hotel de Armenia cuando ocurri\u00f3 el movimiento tel\u00farico. El grupo logr\u00f3 evacuar el lugar de manera segura y, afortunadamente, <strong>no se reportaron ni\u00f1os ni acompa\u00f1antes heridos<\/strong>.<\/p>\n\n\n\n<p class=\"wp-block-paragraph\">La delegaci\u00f3n est\u00e1 conformada por los jugadores, entrenadores y familiares que los acompa\u00f1aron durante el viaje. Ahora su principal objetivo es conseguir una alternativa de transporte que les permita llegar a un aeropuerto internacional y emprender el regreso hacia M\u00e9xico.<\/p>\n\n\n\n<h3 class=\"wp-block-heading\">&#x2764;&#xfe0f; El f\u00fatbol tambi\u00e9n demuestra solidaridad<\/h3>\n\n\n\n<p class=\"wp-block-paragraph\">La situaci\u00f3n ha generado llamados de apoyo para que los peque\u00f1os puedan regresar cuanto antes junto a sus familias. Algunas ayudas ya han comenzado a llegar, aunque todav\u00eda existen integrantes de la delegaci\u00f3n que esperan una soluci\u00f3n para poder abandonar Colombia.<\/p>\n\n\n\n<p class=\"wp-block-paragraph\">En momentos como este, el f\u00fatbol deja de ser simplemente un deporte y vuelve a demostrar su capacidad para unir a las personas, sin importar las fronteras.<\/p>\n\n\n\n<p class=\"wp-block-paragraph\">Desde nuestro espacio queremos enviar un mensaje de <strong>solidaridad a los ni\u00f1os, sus familias y todo el equipo Leyendas Obeliz<\/strong>. Esperamos que muy pronto puedan regresar sanos y salvos a Tijuana y reencontrarse con sus seres queridos.<\/p>\n\n\n\n<p class=\"wp-block-paragraph\">&#x1f1e8;&#x1f1f4;&#x2764;&#xfe0f;&#x1f1f2;&#x1f1fd; <strong>Colombia y M\u00e9xico, unidos por el f\u00fatbol y la solidaridad.<\/strong><\/p>\n\n\n\n<p class=\"wp-block-paragraph\">Seguiremos atentos a esta situaci\u00f3n y esperamos poder compartir pr\u00f3ximamente <strong>buenas noticias sobre el f\u00fatbol colombiano y, sobre todo, sobre el regreso de estos peque\u00f1os campeones a casa.<\/strong><\/p>\n\n\n\n<p class=\"wp-block-paragraph\"><\/p>\n","protected":false},"excerpt":{"rendered":"<p>El f\u00fatbol colombiano pasa a un segundo plano ante la dif\u00edcil situaci\u00f3n que atraviesa el&#8230;<\/p>\n","protected":false},"author":3,"featured_media":2119,"comment_status":"open","ping_status":"open","sticky":false,"template":"","format":"standard","meta":{"_monsterinsights_skip_tracking":false,"footnotes":"","jetpack_publicize_message":"","jetpack_publicize_feature_enabled":true,"jetpack_social_post_already_shared":true,"jetpack_social_options":{"image_generator_settings":{"template":"highway","default_image_id":0,"font":"","enabled":false},"version":2}},"categories":[1],"tags":[],"post_badge":[],"class_list":["post-2118","post","type-post","status-publish","format-standard","has-post-thumbnail","hentry","category-futbol"],"jetpack_publicize_connections":[],"featured_image_urls":{"full":["https:\/\/extremasportscolombia.com.co\/wp-content\/uploads\/2026\/08\/se-cancelan-partidos-por-terremoto.png",1536,1024,false],"thumbnail":["https:\/\/extremasportscolombia.com.co\/wp-content\/uploads\/2026\/08\/se-cancelan-partidos-por-terremoto-150x150.png",150,150,true],"medium":["https:\/\/extremasportscolombia.com.co\/wp-content\/uploads\/2026\/08\/se-cancelan-partidos-por-terremoto-300x200.png",300,200,true],"medium_large":["https:\/\/extremasportscolombia.com.co\/wp-content\/uploads\/2026\/08\/se-cancelan-partidos-por-terremoto-768x512.png",640,427,true],"large":["https:\/\/extremasportscolombia.com.co\/wp-content\/uploads\/2026\/08\/se-cancelan-partidos-por-terremoto-1024x683.png",640,427,true],"1536x1536":["https:\/\/extremasportscolombia.com.co\/wp-content\/uploads\/2026\/08\/se-cancelan-partidos-por-terremoto.png",1536,1024,false],"2048x2048":["https:\/\/extremasportscolombia.com.co\/wp-content\/uploads\/2026\/08\/se-cancelan-partidos-por-terremoto.png",1536,1024,false],"covernews-slider-full":["https:\/\/extremasportscolombia.com.co\/wp-content\/uploads\/2026\/08\/se-cancelan-partidos-por-terremoto.png",1073,715,false],"covernews-slider-center":["https:\/\/extremasportscolombia.com.co\/wp-content\/uploads\/2026\/08\/se-cancelan-partidos-por-terremoto.png",750,500,false],"covernews-featured":["https:\/\/extremasportscolombia.com.co\/wp-content\/uploads\/2026\/08\/se-cancelan-partidos-por-terremoto.png",1024,683,false],"covernews-medium":["https:\/\/extremasportscolombia.com.co\/wp-content\/uploads\/2026\/08\/se-cancelan-partidos-por-terremoto.png",510,340,false],"covernews-medium-square":["https:\/\/extremasportscolombia.com.co\/wp-content\/uploads\/2026\/08\/se-cancelan-partidos-por-terremoto.png",375,250,false]},"author_info":{"display_name":"Rodrigo Aldana","author_link":"https:\/\/extremasportscolombia.com.co\/?author=3"},"category_info":"<a href=\"https:\/\/extremasportscolombia.com.co\/?cat=1\" rel=\"category\">Futbol Colombiano<\/a>","tag_info":"Futbol Colombiano","comment_count":"0","_links":{"self":[{"href":"https:\/\/extremasportscolombia.com.co\/index.php?rest_route=\/wp\/v2\/posts\/2118","targetHints":{"allow":["GET"]}}],"collection":[{"href":"https:\/\/extremasportscolombia.com.co\/index.php?rest_route=\/wp\/v2\/posts"}],"about":[{"href":"https:\/\/extremasportscolombia.com.co\/index.php?rest_route=\/wp\/v2\/types\/post"}],"author":[{"embeddable":true,"href":"https:\/\/extremasportscolombia.com.co\/index.php?rest_route=\/wp\/v2\/users\/3"}],"replies":[{"embeddable":true,"href":"https:\/\/extremasportscolombia.com.co\/index.php?rest_route=%2Fwp%2Fv2%2Fcomments&post=2118"}],"version-history":[{"count":1,"href":"https:\/\/extremasportscolombia.com.co\/index.php?rest_route=\/wp\/v2\/posts\/2118\/revisions"}],"predecessor-version":[{"id":2120,"href":"https:\/\/extremasportscolombia.com.co\/index.php?rest_route=\/wp\/v2\/posts\/2118\/revisions\/2120"}],"wp:featuredmedia":[{"embeddable":true,"href":"https:\/\/extremasportscolombia.com.co\/index.php?rest_route=\/wp\/v2\/media\/2119"}],"wp:attachment":[{"href":"https:\/\/extremasportscolombia.com.co\/index.php?rest_route=%2Fwp%2Fv2%2Fmedia&parent=2118"}],"wp:term":[{"taxonomy":"category","embeddable":true,"href":"https:\/\/extremasportscolombia.com.co\/index.php?rest_route=%2Fwp%2Fv2%2Fcategories&post=2118"},{"taxonomy":"post_tag","embeddable":true,"href":"https:\/\/extremasportscolombia.com.co\/index.php?rest_route=%2Fwp%2Fv2%2Ftags&post=2118"},{"taxonomy":"post_badge","embeddable":true,"href":"https:\/\/extremasportscolombia.com.co\/index.php?rest_route=%2Fwp%2Fv2%2Fpost_badge&post=2118"}],"curies":[{"name":"wp","href":"https:\/\/api.w.org\/{rel}","templated":true}]}}