{"id":2086,"date":"2026-08-05T13:08:35","date_gmt":"2026-08-05T13:08:35","guid":{"rendered":"https:\/\/extremasportscolombia.com.co\/?p=2086"},"modified":"2026-08-05T13:11:02","modified_gmt":"2026-08-05T13:11:02","slug":"atletico-de-madrid-afina-detalles-para-una-nueva-temporada-llena-de-retos","status":"publish","type":"post","link":"https:\/\/extremasportscolombia.com.co\/?p=2086","title":{"rendered":"Atl\u00e9tico de Madrid afina detalles para una nueva temporada llena de retos"},"content":{"rendered":"\n<p class=\"wp-block-paragraph\">El Atl\u00e9tico de Madrid contin\u00faa con su preparaci\u00f3n de cara al inicio de la nueva temporada, en la que buscar\u00e1 volver a ser protagonista tanto en LaLiga como en las competiciones internacionales. Bajo la direcci\u00f3n de Diego Simeone, el conjunto rojiblanco trabaja intensamente para llegar en las mejores condiciones al comienzo del campeonato.<\/p>\n\n\n\n<p class=\"wp-block-paragraph\">Como parte de su gira de pretemporada, el equipo viajar\u00e1 a Corea del Sur para disputar un atractivo encuentro amistoso frente al Manchester City. Este compromiso servir\u00e1 para medir el nivel del plantel ante uno de los clubes m\u00e1s fuertes del f\u00fatbol europeo y permitir\u00e1 al cuerpo t\u00e9cnico evaluar el rendimiento de sus jugadores antes del inicio oficial de la campa\u00f1a.<\/p>\n\n\n\n<p class=\"wp-block-paragraph\">Durante las \u00faltimas sesiones de entrenamiento, Simeone ha puesto especial \u00e9nfasis en aspectos fundamentales del juego como la presi\u00f3n alta, la salida limpia del bal\u00f3n desde el fondo y la organizaci\u00f3n defensiva, caracter\u00edsticas que hist\u00f3ricamente han identificado al Atl\u00e9tico de Madrid. Adem\u00e1s, estos trabajos buscan mejorar la coordinaci\u00f3n del equipo y fortalecer el funcionamiento colectivo tanto en defensa como en ataque.<\/p>\n\n\n\n<p class=\"wp-block-paragraph\">El amistoso frente al Manchester City ser\u00e1 una prueba exigente para los rojiblancos y una excelente oportunidad para comprobar el estado f\u00edsico y futbol\u00edstico de la plantilla. Los aficionados esperan ver un equipo competitivo, con nuevas variantes t\u00e1cticas y preparado para afrontar una temporada en la que el objetivo ser\u00e1 pelear por todos los t\u00edtulos posibles.<\/p>\n\n\n\n<p class=\"wp-block-paragraph\">\u00bfCrees que el Atl\u00e9tico de Madrid est\u00e1 listo para competir por LaLiga y la Champions League esta temporada? D\u00e9janos tu opini\u00f3n en los comentarios.<\/p>\n","protected":false},"excerpt":{"rendered":"<p>El Atl\u00e9tico de Madrid contin\u00faa con su preparaci\u00f3n de cara al inicio de la nueva&#8230;<\/p>\n","protected":false},"author":3,"featured_media":2087,"comment_status":"open","ping_status":"open","sticky":false,"template":"","format":"standard","meta":{"_monsterinsights_skip_tracking":false,"footnotes":"","jetpack_publicize_message":"","jetpack_publicize_feature_enabled":true,"jetpack_social_post_already_shared":true,"jetpack_social_options":{"image_generator_settings":{"template":"highway","default_image_id":0,"font":"","enabled":false},"version":2}},"categories":[11],"tags":[],"post_badge":[],"class_list":["post-2086","post","type-post","status-publish","format-standard","has-post-thumbnail","hentry","category-futbol-internacional"],"jetpack_publicize_connections":[],"featured_image_urls":{"full":["https:\/\/extremasportscolombia.com.co\/wp-content\/uploads\/2026\/08\/real-madrod.png",1672,941,false],"thumbnail":["https:\/\/extremasportscolombia.com.co\/wp-content\/uploads\/2026\/08\/real-madrod-150x150.png",150,150,true],"medium":["https:\/\/extremasportscolombia.com.co\/wp-content\/uploads\/2026\/08\/real-madrod-300x169.png",300,169,true],"medium_large":["https:\/\/extremasportscolombia.com.co\/wp-content\/uploads\/2026\/08\/real-madrod-768x432.png",640,360,true],"large":["https:\/\/extremasportscolombia.com.co\/wp-content\/uploads\/2026\/08\/real-madrod-1024x576.png",640,360,true],"1536x1536":["https:\/\/extremasportscolombia.com.co\/wp-content\/uploads\/2026\/08\/real-madrod-1536x864.png",1536,864,true],"2048x2048":["https:\/\/extremasportscolombia.com.co\/wp-content\/uploads\/2026\/08\/real-madrod.png",1672,941,false],"covernews-slider-full":["https:\/\/extremasportscolombia.com.co\/wp-content\/uploads\/2026\/08\/real-madrod.png",1115,628,false],"covernews-slider-center":["https:\/\/extremasportscolombia.com.co\/wp-content\/uploads\/2026\/08\/real-madrod.png",800,450,false],"covernews-featured":["https:\/\/extremasportscolombia.com.co\/wp-content\/uploads\/2026\/08\/real-madrod.png",1024,576,false],"covernews-medium":["https:\/\/extremasportscolombia.com.co\/wp-content\/uploads\/2026\/08\/real-madrod.png",540,304,false],"covernews-medium-square":["https:\/\/extremasportscolombia.com.co\/wp-content\/uploads\/2026\/08\/real-madrod.png",400,225,false]},"author_info":{"display_name":"Rodrigo Aldana","author_link":"https:\/\/extremasportscolombia.com.co\/?author=3"},"category_info":"<a href=\"https:\/\/extremasportscolombia.com.co\/?cat=11\" rel=\"category\">Futbol internacional<\/a>","tag_info":"Futbol internacional","comment_count":"0","_links":{"self":[{"href":"https:\/\/extremasportscolombia.com.co\/index.php?rest_route=\/wp\/v2\/posts\/2086","targetHints":{"allow":["GET"]}}],"collection":[{"href":"https:\/\/extremasportscolombia.com.co\/index.php?rest_route=\/wp\/v2\/posts"}],"about":[{"href":"https:\/\/extremasportscolombia.com.co\/index.php?rest_route=\/wp\/v2\/types\/post"}],"author":[{"embeddable":true,"href":"https:\/\/extremasportscolombia.com.co\/index.php?rest_route=\/wp\/v2\/users\/3"}],"replies":[{"embeddable":true,"href":"https:\/\/extremasportscolombia.com.co\/index.php?rest_route=%2Fwp%2Fv2%2Fcomments&post=2086"}],"version-history":[{"count":1,"href":"https:\/\/extremasportscolombia.com.co\/index.php?rest_route=\/wp\/v2\/posts\/2086\/revisions"}],"predecessor-version":[{"id":2088,"href":"https:\/\/extremasportscolombia.com.co\/index.php?rest_route=\/wp\/v2\/posts\/2086\/revisions\/2088"}],"wp:featuredmedia":[{"embeddable":true,"href":"https:\/\/extremasportscolombia.com.co\/index.php?rest_route=\/wp\/v2\/media\/2087"}],"wp:attachment":[{"href":"https:\/\/extremasportscolombia.com.co\/index.php?rest_route=%2Fwp%2Fv2%2Fmedia&parent=2086"}],"wp:term":[{"taxonomy":"category","embeddable":true,"href":"https:\/\/extremasportscolombia.com.co\/index.php?rest_route=%2Fwp%2Fv2%2Fcategories&post=2086"},{"taxonomy":"post_tag","embeddable":true,"href":"https:\/\/extremasportscolombia.com.co\/index.php?rest_route=%2Fwp%2Fv2%2Ftags&post=2086"},{"taxonomy":"post_badge","embeddable":true,"href":"https:\/\/extremasportscolombia.com.co\/index.php?rest_route=%2Fwp%2Fv2%2Fpost_badge&post=2086"}],"curies":[{"name":"wp","href":"https:\/\/api.w.org\/{rel}","templated":true}]}}