{"id":2075,"date":"2026-07-30T13:16:03","date_gmt":"2026-07-30T13:16:03","guid":{"rendered":"https:\/\/extremasportscolombia.com.co\/?p=2075"},"modified":"2026-07-30T13:16:07","modified_gmt":"2026-07-30T13:16:07","slug":"la-fifa-cambiara-para-siempre-el-negocio-del-futbol-la-nueva-propuesta-que-genera-debate-mundial","status":"publish","type":"post","link":"https:\/\/extremasportscolombia.com.co\/?p=2075","title":{"rendered":"\u00bfLa FIFA cambiar\u00e1 para siempre el negocio del f\u00fatbol? La nueva propuesta que genera debate mundial"},"content":{"rendered":"\n<p class=\"wp-block-paragraph\">La FIFA vuelve a estar en el centro de la conversaci\u00f3n, pero esta vez no por un torneo o una decisi\u00f3n arbitral. El m\u00e1ximo organismo del f\u00fatbol mundial ha presentado una propuesta que podr\u00eda marcar un antes y un despu\u00e9s en la forma en que se financian las grandes competiciones internacionales.<\/p>\n\n\n\n<p class=\"wp-block-paragraph\">La iniciativa consiste en crear una nueva empresa que agrupe los principales ingresos comerciales del f\u00fatbol, como los derechos de televisi\u00f3n, los patrocinios y la venta de entradas del Mundial. Posteriormente, una parte minoritaria de esa empresa podr\u00eda abrirse a inversionistas privados, con el objetivo de generar nuevos recursos para el desarrollo del deporte a nivel global. La FIFA asegura que seguir\u00eda manteniendo el control total de las competiciones y de las decisiones deportivas.<\/p>\n\n\n\n<p class=\"wp-block-paragraph\">Sin embargo, la propuesta ha despertado un intenso debate entre federaciones, ligas y dirigentes del f\u00fatbol europeo. La UEFA y otras organizaciones consideran que un cambio de esta magnitud debe analizarse con mayor profundidad antes de ser aprobado, ya que podr\u00eda tener implicaciones importantes para el futuro del f\u00fatbol profesional y la gobernanza del deporte.<\/p>\n\n\n\n<p class=\"wp-block-paragraph\">Por su parte, el presidente de la FIFA, Gianni Infantino, ha defendido la iniciativa asegurando que se trata \u00fanicamente de una propuesta y no de una decisi\u00f3n definitiva. Adem\u00e1s, afirm\u00f3 que el objetivo es aumentar los recursos econ\u00f3micos para que todas las asociaciones miembro reciban una mayor financiaci\u00f3n destinada al crecimiento del f\u00fatbol en cada pa\u00eds, manteniendo siempre el control deportivo en manos de la FIFA.<\/p>\n\n\n\n<p class=\"wp-block-paragraph\">Mientras el proyecto contin\u00faa siendo analizado por las distintas confederaciones, el mundo del f\u00fatbol permanece atento a lo que podr\u00eda convertirse en una de las decisiones econ\u00f3micas m\u00e1s importantes de la historia del deporte. Si finalmente se aprueba, cambiar\u00eda la forma en que la FIFA gestiona el negocio del Mundial y abrir\u00eda un nuevo cap\u00edtulo en la relaci\u00f3n entre el f\u00fatbol y la inversi\u00f3n privada.<\/p>\n\n\n\n<p class=\"wp-block-paragraph\"><strong>\u00bfT\u00fa qu\u00e9 opinas?<\/strong> \u00bfCrees que esta propuesta ayudar\u00e1 a fortalecer el f\u00fatbol mundial o piensas que el Mundial debe mantenerse completamente alejado de los inversionistas privados? \u00a1D\u00e9janos tu opini\u00f3n en los comentarios!<\/p>\n","protected":false},"excerpt":{"rendered":"<p>La FIFA vuelve a estar en el centro de la conversaci\u00f3n, pero esta vez no&#8230;<\/p>\n","protected":false},"author":3,"featured_media":2076,"comment_status":"open","ping_status":"open","sticky":false,"template":"","format":"standard","meta":{"_monsterinsights_skip_tracking":false,"footnotes":"","jetpack_publicize_message":"","jetpack_publicize_feature_enabled":true,"jetpack_social_post_already_shared":true,"jetpack_social_options":{"image_generator_settings":{"template":"highway","default_image_id":0,"font":"","enabled":false},"version":2}},"categories":[11],"tags":[],"post_badge":[],"class_list":["post-2075","post","type-post","status-publish","format-standard","has-post-thumbnail","hentry","category-futbol-internacional"],"jetpack_publicize_connections":[],"featured_image_urls":{"full":["https:\/\/extremasportscolombia.com.co\/wp-content\/uploads\/2026\/07\/fifa-cambia.png",1536,1024,false],"thumbnail":["https:\/\/extremasportscolombia.com.co\/wp-content\/uploads\/2026\/07\/fifa-cambia-150x150.png",150,150,true],"medium":["https:\/\/extremasportscolombia.com.co\/wp-content\/uploads\/2026\/07\/fifa-cambia-300x200.png",300,200,true],"medium_large":["https:\/\/extremasportscolombia.com.co\/wp-content\/uploads\/2026\/07\/fifa-cambia-768x512.png",640,427,true],"large":["https:\/\/extremasportscolombia.com.co\/wp-content\/uploads\/2026\/07\/fifa-cambia-1024x683.png",640,427,true],"1536x1536":["https:\/\/extremasportscolombia.com.co\/wp-content\/uploads\/2026\/07\/fifa-cambia.png",1536,1024,false],"2048x2048":["https:\/\/extremasportscolombia.com.co\/wp-content\/uploads\/2026\/07\/fifa-cambia.png",1536,1024,false],"covernews-slider-full":["https:\/\/extremasportscolombia.com.co\/wp-content\/uploads\/2026\/07\/fifa-cambia.png",1073,715,false],"covernews-slider-center":["https:\/\/extremasportscolombia.com.co\/wp-content\/uploads\/2026\/07\/fifa-cambia.png",750,500,false],"covernews-featured":["https:\/\/extremasportscolombia.com.co\/wp-content\/uploads\/2026\/07\/fifa-cambia.png",1024,683,false],"covernews-medium":["https:\/\/extremasportscolombia.com.co\/wp-content\/uploads\/2026\/07\/fifa-cambia.png",510,340,false],"covernews-medium-square":["https:\/\/extremasportscolombia.com.co\/wp-content\/uploads\/2026\/07\/fifa-cambia.png",375,250,false]},"author_info":{"display_name":"Rodrigo Aldana","author_link":"https:\/\/extremasportscolombia.com.co\/?author=3"},"category_info":"<a href=\"https:\/\/extremasportscolombia.com.co\/?cat=11\" rel=\"category\">Futbol internacional<\/a>","tag_info":"Futbol internacional","comment_count":"0","_links":{"self":[{"href":"https:\/\/extremasportscolombia.com.co\/index.php?rest_route=\/wp\/v2\/posts\/2075","targetHints":{"allow":["GET"]}}],"collection":[{"href":"https:\/\/extremasportscolombia.com.co\/index.php?rest_route=\/wp\/v2\/posts"}],"about":[{"href":"https:\/\/extremasportscolombia.com.co\/index.php?rest_route=\/wp\/v2\/types\/post"}],"author":[{"embeddable":true,"href":"https:\/\/extremasportscolombia.com.co\/index.php?rest_route=\/wp\/v2\/users\/3"}],"replies":[{"embeddable":true,"href":"https:\/\/extremasportscolombia.com.co\/index.php?rest_route=%2Fwp%2Fv2%2Fcomments&post=2075"}],"version-history":[{"count":1,"href":"https:\/\/extremasportscolombia.com.co\/index.php?rest_route=\/wp\/v2\/posts\/2075\/revisions"}],"predecessor-version":[{"id":2077,"href":"https:\/\/extremasportscolombia.com.co\/index.php?rest_route=\/wp\/v2\/posts\/2075\/revisions\/2077"}],"wp:featuredmedia":[{"embeddable":true,"href":"https:\/\/extremasportscolombia.com.co\/index.php?rest_route=\/wp\/v2\/media\/2076"}],"wp:attachment":[{"href":"https:\/\/extremasportscolombia.com.co\/index.php?rest_route=%2Fwp%2Fv2%2Fmedia&parent=2075"}],"wp:term":[{"taxonomy":"category","embeddable":true,"href":"https:\/\/extremasportscolombia.com.co\/index.php?rest_route=%2Fwp%2Fv2%2Fcategories&post=2075"},{"taxonomy":"post_tag","embeddable":true,"href":"https:\/\/extremasportscolombia.com.co\/index.php?rest_route=%2Fwp%2Fv2%2Ftags&post=2075"},{"taxonomy":"post_badge","embeddable":true,"href":"https:\/\/extremasportscolombia.com.co\/index.php?rest_route=%2Fwp%2Fv2%2Fpost_badge&post=2075"}],"curies":[{"name":"wp","href":"https:\/\/api.w.org\/{rel}","templated":true}]}}