{"id":2069,"date":"2026-07-28T13:36:50","date_gmt":"2026-07-28T13:36:50","guid":{"rendered":"https:\/\/extremasportscolombia.com.co\/?p=2069"},"modified":"2026-07-28T13:36:51","modified_gmt":"2026-07-28T13:36:51","slug":"zinedine-zidane-inicia-una-nueva-era-al-frente-de-la-seleccion-de-francia","status":"publish","type":"post","link":"https:\/\/extremasportscolombia.com.co\/?p=2069","title":{"rendered":"Zinedine Zidane inicia una nueva era al frente de la selecci\u00f3n de Francia"},"content":{"rendered":"\n<p class=\"wp-block-paragraph\">El f\u00fatbol internacional vive uno de los acontecimientos m\u00e1s importantes del a\u00f1o. La Federaci\u00f3n Francesa de F\u00fatbol hizo oficial este 28 de julio el nombramiento de <strong>Zinedine Zidane<\/strong> como nuevo director t\u00e9cnico de la selecci\u00f3n de Francia, poniendo fin a meses de rumores y marcando el comienzo de un nuevo proyecto que despierta una enorme expectativa entre los aficionados.<\/p>\n\n\n\n<p class=\"wp-block-paragraph\">Zidane, considerado una de las mayores leyendas del f\u00fatbol franc\u00e9s, asume el cargo despu\u00e9s de la salida de Didier Deschamps, quien dirigi\u00f3 al equipo durante 14 a\u00f1os y conquist\u00f3 el Mundial de 2018, adem\u00e1s de llevar a Francia a varias finales internacionales. Ahora, la responsabilidad de mantener a <em>Les Bleus<\/em> entre las mejores selecciones del mundo recae sobre un entrenador que ya demostr\u00f3 su capacidad al conquistar tres t\u00edtulos consecutivos de la Liga de Campeones con el Real Madrid.<\/p>\n\n\n\n<p class=\"wp-block-paragraph\">Durante su presentaci\u00f3n oficial, Zidane expres\u00f3 la emoci\u00f3n que siente por cumplir uno de los grandes objetivos de su carrera. El exfutbolista asegur\u00f3 que llevaba varios a\u00f1os esperando esta oportunidad y que incluso rechaz\u00f3 diferentes ofertas de clubes para poder dirigir alg\u00fan d\u00eda a la selecci\u00f3n de su pa\u00eds. Su contrato se extender\u00e1 hasta el Mundial de 2030 y su debut oficial ser\u00e1 en la pr\u00f3xima ventana de la Liga de Naciones de la UEFA.<\/p>\n\n\n\n<p class=\"wp-block-paragraph\">La llegada de \u00abZizou\u00bb representa mucho m\u00e1s que un simple cambio de entrenador. Francia cuenta con una generaci\u00f3n repleta de talento y la ilusi\u00f3n de volver a conquistar un gran t\u00edtulo internacional est\u00e1 m\u00e1s viva que nunca. Los aficionados esperan que la experiencia, el liderazgo y la personalidad de Zidane sean el impulso necesario para iniciar una nueva etapa llena de \u00e9xitos.<\/p>\n\n\n\n<p class=\"wp-block-paragraph\">El mundo del f\u00fatbol seguir\u00e1 muy de cerca cada paso del nuevo seleccionador franc\u00e9s. La gran pregunta ahora es si Zidane podr\u00e1 trasladar al combinado nacional el \u00e9xito que alcanz\u00f3 en los banquillos del Real Madrid y devolver a Francia a lo m\u00e1s alto del f\u00fatbol mundial.<\/p>\n\n\n\n<p class=\"wp-block-paragraph\"><strong>\u00bfCrees que Zinedine Zidane lograr\u00e1 conquistar un Mundial o una Eurocopa como entrenador de Francia? \u00a1D\u00e9janos tu opini\u00f3n en los comentarios!<\/strong><\/p>\n","protected":false},"excerpt":{"rendered":"<p>El f\u00fatbol internacional vive uno de los acontecimientos m\u00e1s importantes del a\u00f1o. La Federaci\u00f3n Francesa&#8230;<\/p>\n","protected":false},"author":3,"featured_media":2070,"comment_status":"open","ping_status":"open","sticky":false,"template":"","format":"standard","meta":{"_monsterinsights_skip_tracking":false,"footnotes":"","jetpack_publicize_message":"","jetpack_publicize_feature_enabled":true,"jetpack_social_post_already_shared":true,"jetpack_social_options":{"image_generator_settings":{"template":"highway","default_image_id":0,"font":"","enabled":false},"version":2}},"categories":[11],"tags":[],"post_badge":[],"class_list":["post-2069","post","type-post","status-publish","format-standard","has-post-thumbnail","hentry","category-futbol-internacional"],"jetpack_publicize_connections":[],"featured_image_urls":{"full":["https:\/\/extremasportscolombia.com.co\/wp-content\/uploads\/2026\/07\/Zi-nedine.jpeg",1024,683,false],"thumbnail":["https:\/\/extremasportscolombia.com.co\/wp-content\/uploads\/2026\/07\/Zi-nedine-150x150.jpeg",150,150,true],"medium":["https:\/\/extremasportscolombia.com.co\/wp-content\/uploads\/2026\/07\/Zi-nedine-300x200.jpeg",300,200,true],"medium_large":["https:\/\/extremasportscolombia.com.co\/wp-content\/uploads\/2026\/07\/Zi-nedine-768x512.jpeg",640,427,true],"large":["https:\/\/extremasportscolombia.com.co\/wp-content\/uploads\/2026\/07\/Zi-nedine.jpeg",640,427,false],"1536x1536":["https:\/\/extremasportscolombia.com.co\/wp-content\/uploads\/2026\/07\/Zi-nedine.jpeg",1024,683,false],"2048x2048":["https:\/\/extremasportscolombia.com.co\/wp-content\/uploads\/2026\/07\/Zi-nedine.jpeg",1024,683,false],"covernews-slider-full":["https:\/\/extremasportscolombia.com.co\/wp-content\/uploads\/2026\/07\/Zi-nedine.jpeg",1024,683,false],"covernews-slider-center":["https:\/\/extremasportscolombia.com.co\/wp-content\/uploads\/2026\/07\/Zi-nedine.jpeg",750,500,false],"covernews-featured":["https:\/\/extremasportscolombia.com.co\/wp-content\/uploads\/2026\/07\/Zi-nedine.jpeg",1024,683,false],"covernews-medium":["https:\/\/extremasportscolombia.com.co\/wp-content\/uploads\/2026\/07\/Zi-nedine.jpeg",510,340,false],"covernews-medium-square":["https:\/\/extremasportscolombia.com.co\/wp-content\/uploads\/2026\/07\/Zi-nedine.jpeg",375,250,false]},"author_info":{"display_name":"Rodrigo Aldana","author_link":"https:\/\/extremasportscolombia.com.co\/?author=3"},"category_info":"<a href=\"https:\/\/extremasportscolombia.com.co\/?cat=11\" rel=\"category\">Futbol internacional<\/a>","tag_info":"Futbol internacional","comment_count":"0","_links":{"self":[{"href":"https:\/\/extremasportscolombia.com.co\/index.php?rest_route=\/wp\/v2\/posts\/2069","targetHints":{"allow":["GET"]}}],"collection":[{"href":"https:\/\/extremasportscolombia.com.co\/index.php?rest_route=\/wp\/v2\/posts"}],"about":[{"href":"https:\/\/extremasportscolombia.com.co\/index.php?rest_route=\/wp\/v2\/types\/post"}],"author":[{"embeddable":true,"href":"https:\/\/extremasportscolombia.com.co\/index.php?rest_route=\/wp\/v2\/users\/3"}],"replies":[{"embeddable":true,"href":"https:\/\/extremasportscolombia.com.co\/index.php?rest_route=%2Fwp%2Fv2%2Fcomments&post=2069"}],"version-history":[{"count":1,"href":"https:\/\/extremasportscolombia.com.co\/index.php?rest_route=\/wp\/v2\/posts\/2069\/revisions"}],"predecessor-version":[{"id":2071,"href":"https:\/\/extremasportscolombia.com.co\/index.php?rest_route=\/wp\/v2\/posts\/2069\/revisions\/2071"}],"wp:featuredmedia":[{"embeddable":true,"href":"https:\/\/extremasportscolombia.com.co\/index.php?rest_route=\/wp\/v2\/media\/2070"}],"wp:attachment":[{"href":"https:\/\/extremasportscolombia.com.co\/index.php?rest_route=%2Fwp%2Fv2%2Fmedia&parent=2069"}],"wp:term":[{"taxonomy":"category","embeddable":true,"href":"https:\/\/extremasportscolombia.com.co\/index.php?rest_route=%2Fwp%2Fv2%2Fcategories&post=2069"},{"taxonomy":"post_tag","embeddable":true,"href":"https:\/\/extremasportscolombia.com.co\/index.php?rest_route=%2Fwp%2Fv2%2Ftags&post=2069"},{"taxonomy":"post_badge","embeddable":true,"href":"https:\/\/extremasportscolombia.com.co\/index.php?rest_route=%2Fwp%2Fv2%2Fpost_badge&post=2069"}],"curies":[{"name":"wp","href":"https:\/\/api.w.org\/{rel}","templated":true}]}}