{"id":2046,"date":"2026-07-24T12:55:38","date_gmt":"2026-07-24T12:55:38","guid":{"rendered":"https:\/\/extremasportscolombia.com.co\/?p=2046"},"modified":"2026-07-24T12:55:40","modified_gmt":"2026-07-24T12:55:40","slug":"nestor-lorenzo-continuara-al-frente-de-la-seleccion-colombia-la-federacion-despeja-las-dudas","status":"publish","type":"post","link":"https:\/\/extremasportscolombia.com.co\/?p=2046","title":{"rendered":"\u00bfN\u00e9stor Lorenzo continuar\u00e1 al frente de la Selecci\u00f3n Colombia? La Federaci\u00f3n despeja las dudas"},"content":{"rendered":"\n<p class=\"wp-block-paragraph\">Tras la eliminaci\u00f3n de la Selecci\u00f3n Colombia en los octavos de final del Mundial de 2026 frente a Suiza, muchas voces comenzaron a cuestionar el futuro del t\u00e9cnico argentino <strong>N\u00e9stor Lorenzo<\/strong>. La expectativa entre la afici\u00f3n y la prensa era conocer si la Federaci\u00f3n Colombiana de F\u00fatbol apostar\u00eda por un cambio de rumbo o mantendr\u00eda la continuidad del proyecto.<\/p>\n\n\n\n<p class=\"wp-block-paragraph\">La respuesta ya es oficial: <strong>N\u00e9stor Lorenzo seguir\u00e1 siendo el director t\u00e9cnico de la Selecci\u00f3n Colombia<\/strong>. La Federaci\u00f3n Colombiana de F\u00fatbol confirm\u00f3 la renovaci\u00f3n de su contrato, respaldando el proceso que inici\u00f3 en 2022 y que ha dejado importantes resultados, entre ellos la clasificaci\u00f3n al Mundial de 2026, el subcampeonato de la Copa Am\u00e9rica 2024 y la clasificaci\u00f3n a los octavos de final de la Copa del Mundo.<\/p>\n\n\n\n<h2 class=\"wp-block-heading\">Un voto de confianza al proyecto<\/h2>\n\n\n\n<p class=\"wp-block-paragraph\">Aunque la eliminaci\u00f3n mundialista dej\u00f3 un sabor amargo, la dirigencia considera que el trabajo de Lorenzo ha sido positivo y que la Selecci\u00f3n ha recuperado competitividad en el \u00e1mbito internacional. El objetivo ahora ser\u00e1 preparar al equipo para los pr\u00f3ximos desaf\u00edos, con la mira puesta en la Copa Am\u00e9rica y las futuras Eliminatorias rumbo al Mundial de 2030.<\/p>\n\n\n\n<h2 class=\"wp-block-heading\">Opiniones divididas entre la afici\u00f3n<\/h2>\n\n\n\n<p class=\"wp-block-paragraph\">La continuidad del entrenador ha generado opiniones encontradas. Un sector de los aficionados considera que el equipo mostr\u00f3 un crecimiento importante y que el proyecto merece seguir. Otros creen que, pese a los buenos momentos, Colombia a\u00fan necesita dar un paso m\u00e1s para competir de igual a igual con las grandes potencias y pelear por t\u00edtulos.<\/p>\n\n\n\n<p class=\"wp-block-paragraph\">Lo cierto es que la Federaci\u00f3n opt\u00f3 por la estabilidad y la continuidad, confiando en que el proceso liderado por Lorenzo pueda consolidar una generaci\u00f3n de futbolistas con gran talento y alcanzar mejores resultados en los pr\u00f3ximos torneos.<\/p>\n\n\n\n<h2 class=\"wp-block-heading\">Se abre un nuevo cap\u00edtulo para la &#8216;Tricolor&#8217;<\/h2>\n\n\n\n<p class=\"wp-block-paragraph\">Con la renovaci\u00f3n confirmada, N\u00e9stor Lorenzo tendr\u00e1 la misi\u00f3n de fortalecer el equipo, corregir los aspectos que quedaron en evidencia durante el Mundial y preparar a Colombia para los retos que vienen. La ilusi\u00f3n de volver a disputar una final internacional y conseguir un nuevo t\u00edtulo sigue intacta para la Selecci\u00f3n y para toda su afici\u00f3n.<\/p>\n\n\n\n<p class=\"wp-block-paragraph\"><strong>\u00bfCrees que la Federaci\u00f3n tom\u00f3 la decisi\u00f3n correcta al mantener a N\u00e9stor Lorenzo como entrenador de la Selecci\u00f3n Colombia o consideras que era el momento de iniciar un nuevo proceso?<\/strong><\/p>\n","protected":false},"excerpt":{"rendered":"<p>Tras la eliminaci\u00f3n de la Selecci\u00f3n Colombia en los octavos de final del Mundial de&#8230;<\/p>\n","protected":false},"author":3,"featured_media":2047,"comment_status":"open","ping_status":"open","sticky":false,"template":"","format":"standard","meta":{"_monsterinsights_skip_tracking":false,"footnotes":"","jetpack_publicize_message":"","jetpack_publicize_feature_enabled":true,"jetpack_social_post_already_shared":true,"jetpack_social_options":{"image_generator_settings":{"template":"highway","default_image_id":0,"font":"","enabled":false},"version":2}},"categories":[1],"tags":[],"post_badge":[],"class_list":["post-2046","post","type-post","status-publish","format-standard","has-post-thumbnail","hentry","category-futbol"],"jetpack_publicize_connections":[],"featured_image_urls":{"full":["https:\/\/extremasportscolombia.com.co\/wp-content\/uploads\/2026\/07\/Nestor-Lorenzo-dirigiendo-a-la-Seleccion-Colombia.jpeg",1200,650,false],"thumbnail":["https:\/\/extremasportscolombia.com.co\/wp-content\/uploads\/2026\/07\/Nestor-Lorenzo-dirigiendo-a-la-Seleccion-Colombia-150x150.jpeg",150,150,true],"medium":["https:\/\/extremasportscolombia.com.co\/wp-content\/uploads\/2026\/07\/Nestor-Lorenzo-dirigiendo-a-la-Seleccion-Colombia-300x163.jpeg",300,163,true],"medium_large":["https:\/\/extremasportscolombia.com.co\/wp-content\/uploads\/2026\/07\/Nestor-Lorenzo-dirigiendo-a-la-Seleccion-Colombia-768x416.jpeg",640,347,true],"large":["https:\/\/extremasportscolombia.com.co\/wp-content\/uploads\/2026\/07\/Nestor-Lorenzo-dirigiendo-a-la-Seleccion-Colombia-1024x555.jpeg",640,347,true],"1536x1536":["https:\/\/extremasportscolombia.com.co\/wp-content\/uploads\/2026\/07\/Nestor-Lorenzo-dirigiendo-a-la-Seleccion-Colombia.jpeg",1200,650,false],"2048x2048":["https:\/\/extremasportscolombia.com.co\/wp-content\/uploads\/2026\/07\/Nestor-Lorenzo-dirigiendo-a-la-Seleccion-Colombia.jpeg",1200,650,false],"covernews-slider-full":["https:\/\/extremasportscolombia.com.co\/wp-content\/uploads\/2026\/07\/Nestor-Lorenzo-dirigiendo-a-la-Seleccion-Colombia.jpeg",1115,604,false],"covernews-slider-center":["https:\/\/extremasportscolombia.com.co\/wp-content\/uploads\/2026\/07\/Nestor-Lorenzo-dirigiendo-a-la-Seleccion-Colombia.jpeg",800,433,false],"covernews-featured":["https:\/\/extremasportscolombia.com.co\/wp-content\/uploads\/2026\/07\/Nestor-Lorenzo-dirigiendo-a-la-Seleccion-Colombia.jpeg",1024,555,false],"covernews-medium":["https:\/\/extremasportscolombia.com.co\/wp-content\/uploads\/2026\/07\/Nestor-Lorenzo-dirigiendo-a-la-Seleccion-Colombia.jpeg",540,293,false],"covernews-medium-square":["https:\/\/extremasportscolombia.com.co\/wp-content\/uploads\/2026\/07\/Nestor-Lorenzo-dirigiendo-a-la-Seleccion-Colombia.jpeg",400,217,false]},"author_info":{"display_name":"Rodrigo Aldana","author_link":"https:\/\/extremasportscolombia.com.co\/?author=3"},"category_info":"<a href=\"https:\/\/extremasportscolombia.com.co\/?cat=1\" rel=\"category\">Futbol Colombiano<\/a>","tag_info":"Futbol Colombiano","comment_count":"0","_links":{"self":[{"href":"https:\/\/extremasportscolombia.com.co\/index.php?rest_route=\/wp\/v2\/posts\/2046","targetHints":{"allow":["GET"]}}],"collection":[{"href":"https:\/\/extremasportscolombia.com.co\/index.php?rest_route=\/wp\/v2\/posts"}],"about":[{"href":"https:\/\/extremasportscolombia.com.co\/index.php?rest_route=\/wp\/v2\/types\/post"}],"author":[{"embeddable":true,"href":"https:\/\/extremasportscolombia.com.co\/index.php?rest_route=\/wp\/v2\/users\/3"}],"replies":[{"embeddable":true,"href":"https:\/\/extremasportscolombia.com.co\/index.php?rest_route=%2Fwp%2Fv2%2Fcomments&post=2046"}],"version-history":[{"count":1,"href":"https:\/\/extremasportscolombia.com.co\/index.php?rest_route=\/wp\/v2\/posts\/2046\/revisions"}],"predecessor-version":[{"id":2048,"href":"https:\/\/extremasportscolombia.com.co\/index.php?rest_route=\/wp\/v2\/posts\/2046\/revisions\/2048"}],"wp:featuredmedia":[{"embeddable":true,"href":"https:\/\/extremasportscolombia.com.co\/index.php?rest_route=\/wp\/v2\/media\/2047"}],"wp:attachment":[{"href":"https:\/\/extremasportscolombia.com.co\/index.php?rest_route=%2Fwp%2Fv2%2Fmedia&parent=2046"}],"wp:term":[{"taxonomy":"category","embeddable":true,"href":"https:\/\/extremasportscolombia.com.co\/index.php?rest_route=%2Fwp%2Fv2%2Fcategories&post=2046"},{"taxonomy":"post_tag","embeddable":true,"href":"https:\/\/extremasportscolombia.com.co\/index.php?rest_route=%2Fwp%2Fv2%2Ftags&post=2046"},{"taxonomy":"post_badge","embeddable":true,"href":"https:\/\/extremasportscolombia.com.co\/index.php?rest_route=%2Fwp%2Fv2%2Fpost_badge&post=2046"}],"curies":[{"name":"wp","href":"https:\/\/api.w.org\/{rel}","templated":true}]}}