{"id":2040,"date":"2026-07-22T13:10:21","date_gmt":"2026-07-22T13:10:21","guid":{"rendered":"https:\/\/extremasportscolombia.com.co\/?p=2040"},"modified":"2026-07-22T13:11:05","modified_gmt":"2026-07-22T13:11:05","slug":"el-futbol-de-clubes-vuelve-a-tomar-el-protagonismo-tras-el-mundial-2026","status":"publish","type":"post","link":"https:\/\/extremasportscolombia.com.co\/?p=2040","title":{"rendered":"El f\u00fatbol de clubes vuelve a tomar el protagonismo tras el Mundial 2026"},"content":{"rendered":"\n<p class=\"wp-block-paragraph\">Con la emoci\u00f3n del Mundial 2026 a\u00fan presente, el bal\u00f3n vuelve a rodar en el f\u00fatbol de clubes. Tras m\u00e1s de un mes de pausa por la cita mundialista, la <strong>Copa Sudamericana<\/strong> reanuda su actividad con los partidos de ida de los playoffs, una fase decisiva que otorgar\u00e1 los \u00faltimos cupos para los octavos de final.<\/p>\n\n\n\n<p class=\"wp-block-paragraph\">La jornada de este mi\u00e9rcoles tendr\u00e1 enfrentamientos de alto nivel. <strong>Independiente Medell\u00edn<\/strong> recibir\u00e1 en el estadio Atanasio Girardot al hist\u00f3rico <strong>Vasco da Gama<\/strong>, en un duelo donde el conjunto colombiano buscar\u00e1 aprovechar la local\u00eda para tomar ventaja en la serie. Al mismo tiempo, <strong>Lan\u00fas<\/strong> se medir\u00e1 ante <strong>Cienciano<\/strong>, mientras que <strong>Sporting Cristal<\/strong> enfrentar\u00e1 al <strong>Red Bull Bragantino<\/strong>, dos llaves que prometen intensidad y buen f\u00fatbol.<\/p>\n\n\n\n<p class=\"wp-block-paragraph\">El regreso de las competiciones continentales tambi\u00e9n marca el inicio de una nueva etapa para muchos futbolistas que participaron en el Mundial. Las figuras internacionales vuelven a ponerse la camiseta de sus clubes con el objetivo de conquistar uno de los torneos m\u00e1s importantes de Sudam\u00e9rica, en un segundo semestre que promete emociones, rivalidades y grandes partidos.<\/p>\n\n\n\n<p class=\"wp-block-paragraph\">Con la Copa Sudamericana nuevamente en marcha, el protagonismo deja atr\u00e1s a las selecciones y vuelve a pertenecer a los clubes, que luchar\u00e1n por seguir avanzando en busca del t\u00edtulo continental<\/p>\n\n\n\n<p class=\"wp-block-paragraph\">\u00bfY t\u00fa, eres hincha de alg\u00fan equipo en especial, ya sea de Colombia o del f\u00fatbol internacional? \u00bfTienes alg\u00fan jugador favorito? \u00a1D\u00e9janos tu respuesta en los comentarios y comparte tu pasi\u00f3n por el f\u00fatbol con nuestra comunidad!<\/p>\n\n\n\n<p class=\"wp-block-paragraph\"><\/p>\n","protected":false},"excerpt":{"rendered":"<p>Con la emoci\u00f3n del Mundial 2026 a\u00fan presente, el bal\u00f3n vuelve a rodar en el&#8230;<\/p>\n","protected":false},"author":3,"featured_media":2041,"comment_status":"open","ping_status":"open","sticky":false,"template":"","format":"standard","meta":{"_monsterinsights_skip_tracking":false,"footnotes":"","jetpack_publicize_message":"","jetpack_publicize_feature_enabled":true,"jetpack_social_post_already_shared":true,"jetpack_social_options":{"image_generator_settings":{"template":"highway","default_image_id":0,"font":"","enabled":false},"version":2}},"categories":[1],"tags":[],"post_badge":[],"class_list":["post-2040","post","type-post","status-publish","format-standard","has-post-thumbnail","hentry","category-futbol"],"jetpack_publicize_connections":[],"featured_image_urls":{"full":["https:\/\/extremasportscolombia.com.co\/wp-content\/uploads\/2026\/07\/El-futbol-de-clubes-vuelve-a-tomar-el-protagonismo-tras-el-Mundial-2026.png",1536,1024,false],"thumbnail":["https:\/\/extremasportscolombia.com.co\/wp-content\/uploads\/2026\/07\/El-futbol-de-clubes-vuelve-a-tomar-el-protagonismo-tras-el-Mundial-2026-150x150.png",150,150,true],"medium":["https:\/\/extremasportscolombia.com.co\/wp-content\/uploads\/2026\/07\/El-futbol-de-clubes-vuelve-a-tomar-el-protagonismo-tras-el-Mundial-2026-300x200.png",300,200,true],"medium_large":["https:\/\/extremasportscolombia.com.co\/wp-content\/uploads\/2026\/07\/El-futbol-de-clubes-vuelve-a-tomar-el-protagonismo-tras-el-Mundial-2026-768x512.png",640,427,true],"large":["https:\/\/extremasportscolombia.com.co\/wp-content\/uploads\/2026\/07\/El-futbol-de-clubes-vuelve-a-tomar-el-protagonismo-tras-el-Mundial-2026-1024x683.png",640,427,true],"1536x1536":["https:\/\/extremasportscolombia.com.co\/wp-content\/uploads\/2026\/07\/El-futbol-de-clubes-vuelve-a-tomar-el-protagonismo-tras-el-Mundial-2026.png",1536,1024,false],"2048x2048":["https:\/\/extremasportscolombia.com.co\/wp-content\/uploads\/2026\/07\/El-futbol-de-clubes-vuelve-a-tomar-el-protagonismo-tras-el-Mundial-2026.png",1536,1024,false],"covernews-slider-full":["https:\/\/extremasportscolombia.com.co\/wp-content\/uploads\/2026\/07\/El-futbol-de-clubes-vuelve-a-tomar-el-protagonismo-tras-el-Mundial-2026.png",1073,715,false],"covernews-slider-center":["https:\/\/extremasportscolombia.com.co\/wp-content\/uploads\/2026\/07\/El-futbol-de-clubes-vuelve-a-tomar-el-protagonismo-tras-el-Mundial-2026.png",750,500,false],"covernews-featured":["https:\/\/extremasportscolombia.com.co\/wp-content\/uploads\/2026\/07\/El-futbol-de-clubes-vuelve-a-tomar-el-protagonismo-tras-el-Mundial-2026.png",1024,683,false],"covernews-medium":["https:\/\/extremasportscolombia.com.co\/wp-content\/uploads\/2026\/07\/El-futbol-de-clubes-vuelve-a-tomar-el-protagonismo-tras-el-Mundial-2026.png",510,340,false],"covernews-medium-square":["https:\/\/extremasportscolombia.com.co\/wp-content\/uploads\/2026\/07\/El-futbol-de-clubes-vuelve-a-tomar-el-protagonismo-tras-el-Mundial-2026.png",375,250,false]},"author_info":{"display_name":"Rodrigo Aldana","author_link":"https:\/\/extremasportscolombia.com.co\/?author=3"},"category_info":"<a href=\"https:\/\/extremasportscolombia.com.co\/?cat=1\" rel=\"category\">Futbol Colombiano<\/a>","tag_info":"Futbol Colombiano","comment_count":"0","_links":{"self":[{"href":"https:\/\/extremasportscolombia.com.co\/index.php?rest_route=\/wp\/v2\/posts\/2040","targetHints":{"allow":["GET"]}}],"collection":[{"href":"https:\/\/extremasportscolombia.com.co\/index.php?rest_route=\/wp\/v2\/posts"}],"about":[{"href":"https:\/\/extremasportscolombia.com.co\/index.php?rest_route=\/wp\/v2\/types\/post"}],"author":[{"embeddable":true,"href":"https:\/\/extremasportscolombia.com.co\/index.php?rest_route=\/wp\/v2\/users\/3"}],"replies":[{"embeddable":true,"href":"https:\/\/extremasportscolombia.com.co\/index.php?rest_route=%2Fwp%2Fv2%2Fcomments&post=2040"}],"version-history":[{"count":1,"href":"https:\/\/extremasportscolombia.com.co\/index.php?rest_route=\/wp\/v2\/posts\/2040\/revisions"}],"predecessor-version":[{"id":2042,"href":"https:\/\/extremasportscolombia.com.co\/index.php?rest_route=\/wp\/v2\/posts\/2040\/revisions\/2042"}],"wp:featuredmedia":[{"embeddable":true,"href":"https:\/\/extremasportscolombia.com.co\/index.php?rest_route=\/wp\/v2\/media\/2041"}],"wp:attachment":[{"href":"https:\/\/extremasportscolombia.com.co\/index.php?rest_route=%2Fwp%2Fv2%2Fmedia&parent=2040"}],"wp:term":[{"taxonomy":"category","embeddable":true,"href":"https:\/\/extremasportscolombia.com.co\/index.php?rest_route=%2Fwp%2Fv2%2Fcategories&post=2040"},{"taxonomy":"post_tag","embeddable":true,"href":"https:\/\/extremasportscolombia.com.co\/index.php?rest_route=%2Fwp%2Fv2%2Ftags&post=2040"},{"taxonomy":"post_badge","embeddable":true,"href":"https:\/\/extremasportscolombia.com.co\/index.php?rest_route=%2Fwp%2Fv2%2Fpost_badge&post=2040"}],"curies":[{"name":"wp","href":"https:\/\/api.w.org\/{rel}","templated":true}]}}