{"id":2037,"date":"2026-07-21T13:07:09","date_gmt":"2026-07-21T13:07:09","guid":{"rendered":"https:\/\/extremasportscolombia.com.co\/?p=2037"},"modified":"2026-07-21T13:07:09","modified_gmt":"2026-07-21T13:07:09","slug":"los-grandes-ganadores-del-mundial-2026-estos-fueron-los-premios-individuales","status":"publish","type":"post","link":"https:\/\/extremasportscolombia.com.co\/?p=2037","title":{"rendered":"Los grandes ganadores del Mundial 2026: estos fueron los premios individuales"},"content":{"rendered":"\n<p class=\"wp-block-paragraph\">La Copa Mundial de la FIFA 2026 no solo coron\u00f3 a <strong>Espa\u00f1a como campeona del mundo<\/strong>, sino que tambi\u00e9n reconoci\u00f3 a los futbolistas que dejaron una huella imborrable a lo largo del torneo. Tras un mes de intensa competencia, la FIFA entreg\u00f3 los galardones individuales a los jugadores m\u00e1s destacados.<\/p>\n\n\n\n<p class=\"wp-block-paragraph\"><strong>Bal\u00f3n de Oro \u2013 Rodri (Espa\u00f1a)<\/strong><br>El mediocampista espa\u00f1ol fue elegido como el <strong>mejor jugador del Mundial 2026<\/strong>. Su liderazgo, visi\u00f3n de juego y dominio en el centro del campo fueron fundamentales para que Espa\u00f1a levantara el trofeo. Rodri se convirti\u00f3 en el motor de una selecci\u00f3n que brill\u00f3 de principio a fin.<\/p>\n\n\n\n<p class=\"wp-block-paragraph\"><strong>Bota de Oro \u2013 Kylian Mbapp\u00e9 (Francia)<\/strong><br>Aunque Francia no pudo conquistar el t\u00edtulo, Mbapp\u00e9 volvi\u00f3 a demostrar por qu\u00e9 es uno de los mejores delanteros del planeta. El franc\u00e9s termin\u00f3 como <strong>m\u00e1ximo goleador del campeonato con 10 anotaciones<\/strong>, llev\u00e1ndose la Bota de Oro por su extraordinaria capacidad ofensiva.<\/p>\n\n\n\n<p class=\"wp-block-paragraph\"><strong>Guante de Oro \u2013 Unai Sim\u00f3n (Espa\u00f1a)<\/strong><br>El arquero espa\u00f1ol fue una de las grandes figuras del torneo. Sus intervenciones decisivas y la seguridad que transmiti\u00f3 bajo los tres palos fueron claves para que Espa\u00f1a terminara conquistando su segundo Mundial.<\/p>\n\n\n\n<p class=\"wp-block-paragraph\"><strong>Mejor Jugador Joven \u2013 Pau Cubars\u00ed (Espa\u00f1a)<\/strong><br>Con apenas 19 a\u00f1os, el defensor espa\u00f1ol sorprendi\u00f3 al mundo con su madurez, solidez defensiva y personalidad en los partidos m\u00e1s importantes. Su rendimiento le permiti\u00f3 quedarse con el premio al mejor jugador joven del campeonato.<\/p>\n\n\n\n<p class=\"wp-block-paragraph\">Con estos reconocimientos, <strong>Espa\u00f1a no solo celebr\u00f3 el t\u00edtulo mundial<\/strong>, sino que tambi\u00e9n domin\u00f3 los premios individuales, confirmando el gran nivel mostrado durante todo el torneo. El Mundial 2026 quedar\u00e1 en la historia como una edici\u00f3n llena de emociones y con figuras que marcaron una nueva era en el f\u00fatbol internacional.<\/p>\n","protected":false},"excerpt":{"rendered":"<p>La Copa Mundial de la FIFA 2026 no solo coron\u00f3 a Espa\u00f1a como campeona del&#8230;<\/p>\n","protected":false},"author":3,"featured_media":2038,"comment_status":"open","ping_status":"open","sticky":false,"template":"","format":"standard","meta":{"_monsterinsights_skip_tracking":false,"footnotes":"","jetpack_publicize_message":"","jetpack_publicize_feature_enabled":true,"jetpack_social_post_already_shared":true,"jetpack_social_options":{"image_generator_settings":{"template":"highway","default_image_id":0,"font":"","enabled":false},"version":2}},"categories":[11],"tags":[],"post_badge":[],"class_list":["post-2037","post","type-post","status-publish","format-standard","has-post-thumbnail","hentry","category-futbol-internacional"],"jetpack_publicize_connections":[],"featured_image_urls":{"full":["https:\/\/extremasportscolombia.com.co\/wp-content\/uploads\/2026\/07\/Espana-no-solo-celebro-el-titulo-mundial.png",1536,1024,false],"thumbnail":["https:\/\/extremasportscolombia.com.co\/wp-content\/uploads\/2026\/07\/Espana-no-solo-celebro-el-titulo-mundial-150x150.png",150,150,true],"medium":["https:\/\/extremasportscolombia.com.co\/wp-content\/uploads\/2026\/07\/Espana-no-solo-celebro-el-titulo-mundial-300x200.png",300,200,true],"medium_large":["https:\/\/extremasportscolombia.com.co\/wp-content\/uploads\/2026\/07\/Espana-no-solo-celebro-el-titulo-mundial-768x512.png",640,427,true],"large":["https:\/\/extremasportscolombia.com.co\/wp-content\/uploads\/2026\/07\/Espana-no-solo-celebro-el-titulo-mundial-1024x683.png",640,427,true],"1536x1536":["https:\/\/extremasportscolombia.com.co\/wp-content\/uploads\/2026\/07\/Espana-no-solo-celebro-el-titulo-mundial.png",1536,1024,false],"2048x2048":["https:\/\/extremasportscolombia.com.co\/wp-content\/uploads\/2026\/07\/Espana-no-solo-celebro-el-titulo-mundial.png",1536,1024,false],"covernews-slider-full":["https:\/\/extremasportscolombia.com.co\/wp-content\/uploads\/2026\/07\/Espana-no-solo-celebro-el-titulo-mundial.png",1073,715,false],"covernews-slider-center":["https:\/\/extremasportscolombia.com.co\/wp-content\/uploads\/2026\/07\/Espana-no-solo-celebro-el-titulo-mundial.png",750,500,false],"covernews-featured":["https:\/\/extremasportscolombia.com.co\/wp-content\/uploads\/2026\/07\/Espana-no-solo-celebro-el-titulo-mundial.png",1024,683,false],"covernews-medium":["https:\/\/extremasportscolombia.com.co\/wp-content\/uploads\/2026\/07\/Espana-no-solo-celebro-el-titulo-mundial.png",510,340,false],"covernews-medium-square":["https:\/\/extremasportscolombia.com.co\/wp-content\/uploads\/2026\/07\/Espana-no-solo-celebro-el-titulo-mundial.png",375,250,false]},"author_info":{"display_name":"Rodrigo Aldana","author_link":"https:\/\/extremasportscolombia.com.co\/?author=3"},"category_info":"<a href=\"https:\/\/extremasportscolombia.com.co\/?cat=11\" rel=\"category\">Futbol internacional<\/a>","tag_info":"Futbol internacional","comment_count":"0","_links":{"self":[{"href":"https:\/\/extremasportscolombia.com.co\/index.php?rest_route=\/wp\/v2\/posts\/2037","targetHints":{"allow":["GET"]}}],"collection":[{"href":"https:\/\/extremasportscolombia.com.co\/index.php?rest_route=\/wp\/v2\/posts"}],"about":[{"href":"https:\/\/extremasportscolombia.com.co\/index.php?rest_route=\/wp\/v2\/types\/post"}],"author":[{"embeddable":true,"href":"https:\/\/extremasportscolombia.com.co\/index.php?rest_route=\/wp\/v2\/users\/3"}],"replies":[{"embeddable":true,"href":"https:\/\/extremasportscolombia.com.co\/index.php?rest_route=%2Fwp%2Fv2%2Fcomments&post=2037"}],"version-history":[{"count":1,"href":"https:\/\/extremasportscolombia.com.co\/index.php?rest_route=\/wp\/v2\/posts\/2037\/revisions"}],"predecessor-version":[{"id":2039,"href":"https:\/\/extremasportscolombia.com.co\/index.php?rest_route=\/wp\/v2\/posts\/2037\/revisions\/2039"}],"wp:featuredmedia":[{"embeddable":true,"href":"https:\/\/extremasportscolombia.com.co\/index.php?rest_route=\/wp\/v2\/media\/2038"}],"wp:attachment":[{"href":"https:\/\/extremasportscolombia.com.co\/index.php?rest_route=%2Fwp%2Fv2%2Fmedia&parent=2037"}],"wp:term":[{"taxonomy":"category","embeddable":true,"href":"https:\/\/extremasportscolombia.com.co\/index.php?rest_route=%2Fwp%2Fv2%2Fcategories&post=2037"},{"taxonomy":"post_tag","embeddable":true,"href":"https:\/\/extremasportscolombia.com.co\/index.php?rest_route=%2Fwp%2Fv2%2Ftags&post=2037"},{"taxonomy":"post_badge","embeddable":true,"href":"https:\/\/extremasportscolombia.com.co\/index.php?rest_route=%2Fwp%2Fv2%2Fpost_badge&post=2037"}],"curies":[{"name":"wp","href":"https:\/\/api.w.org\/{rel}","templated":true}]}}