{"id":2028,"date":"2026-07-18T12:54:29","date_gmt":"2026-07-18T12:54:29","guid":{"rendered":"https:\/\/extremasportscolombia.com.co\/?p=2028"},"modified":"2026-07-18T12:54:30","modified_gmt":"2026-07-18T12:54:30","slug":"grandes-figuras-del-mundial-2026","status":"publish","type":"post","link":"https:\/\/extremasportscolombia.com.co\/?p=2028","title":{"rendered":"Grandes figuras del Mundial 2026"},"content":{"rendered":"\n<p class=\"wp-block-paragraph\">El Mundial de la FIFA 2026 ha dejado actuaciones memorables y futbolistas que se han convertido en los grandes protagonistas del torneo. Gracias a su talento, liderazgo y capacidad para aparecer en los momentos decisivos, estas estrellas guiaron a sus selecciones hasta las instancias finales y se ganaron el reconocimiento de millones de aficionados alrededor del mundo.<\/p>\n\n\n\n<p class=\"wp-block-paragraph\">Entre los jugadores m\u00e1s destacados aparece <strong>Lautaro Mart\u00ednez (Argentina)<\/strong>, delantero que ha sido determinante para la Albiceleste. Con <strong>6 goles<\/strong> en el campeonato, el atacante argentino marc\u00f3 el tanto de la clasificaci\u00f3n a la gran final frente a Inglaterra y se consolid\u00f3 como uno de los m\u00e1ximos referentes ofensivos del torneo.<\/p>\n\n\n\n<p class=\"wp-block-paragraph\">Otro nombre que brill\u00f3 fue el de <strong>Lamine Yamal (Espa\u00f1a)<\/strong>. La joven promesa espa\u00f1ola volvi\u00f3 a demostrar por qu\u00e9 es considerado uno de los mejores talentos del f\u00fatbol mundial. Con <strong>5 goles y varias asistencias<\/strong>, lider\u00f3 el ataque de Espa\u00f1a con velocidad, desequilibrio y una gran capacidad para generar peligro en cada partido.<\/p>\n\n\n\n<p class=\"wp-block-paragraph\">Por Inglaterra, <strong>Harry Kane<\/strong> volvi\u00f3 a responder con goles. El experimentado delantero ingl\u00e9s anot\u00f3 <strong>5 tantos<\/strong>, siendo el m\u00e1ximo referente de los brit\u00e1nicos durante todo el campeonato y una pieza clave para alcanzar las semifinales.<\/p>\n\n\n\n<p class=\"wp-block-paragraph\">Desde Francia, <strong>Kylian Mbapp\u00e9<\/strong> tambi\u00e9n dej\u00f3 su huella. Con <strong>4 goles<\/strong>, el delantero franc\u00e9s fue el principal l\u00edder ofensivo de su selecci\u00f3n y demostr\u00f3, una vez m\u00e1s, por qu\u00e9 sigue siendo uno de los futbolistas m\u00e1s determinantes del planeta.<\/p>\n\n\n\n<p class=\"wp-block-paragraph\">Espa\u00f1a tambi\u00e9n cont\u00f3 con el gran aporte del mediocampista <strong>Mikel Merino<\/strong>, quien marc\u00f3 <strong>4 goles<\/strong> y fue fundamental tanto en la creaci\u00f3n de juego como en la definici\u00f3n de las jugadas m\u00e1s importantes del equipo.<\/p>\n\n\n\n<p class=\"wp-block-paragraph\">El Mundial 2026 confirm\u00f3 el relevo generacional del f\u00fatbol internacional. J\u00f3venes talentos como Lamine Yamal compartieron protagonismo con figuras consolidadas como Lautaro Mart\u00ednez, Harry Kane y Kylian Mbapp\u00e9, ofreciendo un espect\u00e1culo inolvidable y elevando el nivel de una Copa del Mundo que quedar\u00e1 en la memoria de los aficionados.<\/p>\n\n\n\n<p class=\"wp-block-paragraph\"><strong>\u00bfPara ti qui\u00e9n ha sido la gran figura del Mundial 2026? \u00bfCoincides con esta lista o agregar\u00edas a otro jugador?<\/strong><\/p>\n","protected":false},"excerpt":{"rendered":"<p>El Mundial de la FIFA 2026 ha dejado actuaciones memorables y futbolistas que se han&#8230;<\/p>\n","protected":false},"author":3,"featured_media":2029,"comment_status":"open","ping_status":"open","sticky":false,"template":"","format":"standard","meta":{"_monsterinsights_skip_tracking":false,"footnotes":"","jetpack_publicize_message":"","jetpack_publicize_feature_enabled":true,"jetpack_social_post_already_shared":true,"jetpack_social_options":{"image_generator_settings":{"template":"highway","default_image_id":0,"font":"","enabled":false},"version":2}},"categories":[11],"tags":[],"post_badge":[],"class_list":["post-2028","post","type-post","status-publish","format-standard","has-post-thumbnail","hentry","category-futbol-internacional"],"jetpack_publicize_connections":[],"featured_image_urls":{"full":["https:\/\/extremasportscolombia.com.co\/wp-content\/uploads\/2026\/07\/Grandes-figuras-del-Mundial-2026.png",1536,1024,false],"thumbnail":["https:\/\/extremasportscolombia.com.co\/wp-content\/uploads\/2026\/07\/Grandes-figuras-del-Mundial-2026-150x150.png",150,150,true],"medium":["https:\/\/extremasportscolombia.com.co\/wp-content\/uploads\/2026\/07\/Grandes-figuras-del-Mundial-2026-300x200.png",300,200,true],"medium_large":["https:\/\/extremasportscolombia.com.co\/wp-content\/uploads\/2026\/07\/Grandes-figuras-del-Mundial-2026-768x512.png",640,427,true],"large":["https:\/\/extremasportscolombia.com.co\/wp-content\/uploads\/2026\/07\/Grandes-figuras-del-Mundial-2026-1024x683.png",640,427,true],"1536x1536":["https:\/\/extremasportscolombia.com.co\/wp-content\/uploads\/2026\/07\/Grandes-figuras-del-Mundial-2026.png",1536,1024,false],"2048x2048":["https:\/\/extremasportscolombia.com.co\/wp-content\/uploads\/2026\/07\/Grandes-figuras-del-Mundial-2026.png",1536,1024,false],"covernews-slider-full":["https:\/\/extremasportscolombia.com.co\/wp-content\/uploads\/2026\/07\/Grandes-figuras-del-Mundial-2026.png",1073,715,false],"covernews-slider-center":["https:\/\/extremasportscolombia.com.co\/wp-content\/uploads\/2026\/07\/Grandes-figuras-del-Mundial-2026.png",750,500,false],"covernews-featured":["https:\/\/extremasportscolombia.com.co\/wp-content\/uploads\/2026\/07\/Grandes-figuras-del-Mundial-2026.png",1024,683,false],"covernews-medium":["https:\/\/extremasportscolombia.com.co\/wp-content\/uploads\/2026\/07\/Grandes-figuras-del-Mundial-2026.png",510,340,false],"covernews-medium-square":["https:\/\/extremasportscolombia.com.co\/wp-content\/uploads\/2026\/07\/Grandes-figuras-del-Mundial-2026.png",375,250,false]},"author_info":{"display_name":"Rodrigo Aldana","author_link":"https:\/\/extremasportscolombia.com.co\/?author=3"},"category_info":"<a href=\"https:\/\/extremasportscolombia.com.co\/?cat=11\" rel=\"category\">Futbol internacional<\/a>","tag_info":"Futbol internacional","comment_count":"0","_links":{"self":[{"href":"https:\/\/extremasportscolombia.com.co\/index.php?rest_route=\/wp\/v2\/posts\/2028","targetHints":{"allow":["GET"]}}],"collection":[{"href":"https:\/\/extremasportscolombia.com.co\/index.php?rest_route=\/wp\/v2\/posts"}],"about":[{"href":"https:\/\/extremasportscolombia.com.co\/index.php?rest_route=\/wp\/v2\/types\/post"}],"author":[{"embeddable":true,"href":"https:\/\/extremasportscolombia.com.co\/index.php?rest_route=\/wp\/v2\/users\/3"}],"replies":[{"embeddable":true,"href":"https:\/\/extremasportscolombia.com.co\/index.php?rest_route=%2Fwp%2Fv2%2Fcomments&post=2028"}],"version-history":[{"count":1,"href":"https:\/\/extremasportscolombia.com.co\/index.php?rest_route=\/wp\/v2\/posts\/2028\/revisions"}],"predecessor-version":[{"id":2030,"href":"https:\/\/extremasportscolombia.com.co\/index.php?rest_route=\/wp\/v2\/posts\/2028\/revisions\/2030"}],"wp:featuredmedia":[{"embeddable":true,"href":"https:\/\/extremasportscolombia.com.co\/index.php?rest_route=\/wp\/v2\/media\/2029"}],"wp:attachment":[{"href":"https:\/\/extremasportscolombia.com.co\/index.php?rest_route=%2Fwp%2Fv2%2Fmedia&parent=2028"}],"wp:term":[{"taxonomy":"category","embeddable":true,"href":"https:\/\/extremasportscolombia.com.co\/index.php?rest_route=%2Fwp%2Fv2%2Fcategories&post=2028"},{"taxonomy":"post_tag","embeddable":true,"href":"https:\/\/extremasportscolombia.com.co\/index.php?rest_route=%2Fwp%2Fv2%2Ftags&post=2028"},{"taxonomy":"post_badge","embeddable":true,"href":"https:\/\/extremasportscolombia.com.co\/index.php?rest_route=%2Fwp%2Fv2%2Fpost_badge&post=2028"}],"curies":[{"name":"wp","href":"https:\/\/api.w.org\/{rel}","templated":true}]}}