{"id":2012,"date":"2026-07-13T12:54:59","date_gmt":"2026-07-13T12:54:59","guid":{"rendered":"https:\/\/extremasportscolombia.com.co\/?p=2012"},"modified":"2026-07-13T12:55:01","modified_gmt":"2026-07-13T12:55:01","slug":"se-acerca-la-final-del-mundial-2026-y-el-torneo-deja-muchas-controversias","status":"publish","type":"post","link":"https:\/\/extremasportscolombia.com.co\/?p=2012","title":{"rendered":"Se acerca la final del Mundial 2026 y el torneo deja muchas controversias"},"content":{"rendered":"\n<p class=\"wp-block-paragraph\">El Mundial 2026 est\u00e1 llegando a su momento m\u00e1s esperado. Despu\u00e9s de semanas llenas de emoci\u00f3n, goles, sorpresas y eliminaciones inesperadas, solo quedan los mejores equipos en competencia. La gran final est\u00e1 cada vez m\u00e1s cerca y millones de aficionados alrededor del mundo cuentan las horas para conocer al nuevo campe\u00f3n del f\u00fatbol mundial.<\/p>\n\n\n\n<p class=\"wp-block-paragraph\">Sin embargo, m\u00e1s all\u00e1 de la calidad futbol\u00edstica que ha ofrecido el torneo, esta edici\u00f3n del Mundial tambi\u00e9n ser\u00e1 recordada por las numerosas controversias que han acompa\u00f1ado el desarrollo de la competici\u00f3n. Desde decisiones arbitrales discutidas hasta pol\u00e9micas declaraciones de jugadores y entrenadores, el campeonato ha estado marcado por situaciones que han generado un intenso debate entre aficionados, analistas y medios de comunicaci\u00f3n.<\/p>\n\n\n\n<p class=\"wp-block-paragraph\">Uno de los temas m\u00e1s comentados ha sido el arbitraje. A lo largo del torneo, varias decisiones tomadas con apoyo del VAR provocaron inconformidad en diferentes selecciones. Penales se\u00f1alados, goles anulados y expulsiones discutidas hicieron que muchos cuestionaran la consistencia de los criterios arbitrales, alimentando las cr\u00edticas en redes sociales y programas deportivos.<\/p>\n\n\n\n<p class=\"wp-block-paragraph\">Tambi\u00e9n hubo controversias relacionadas con el comportamiento de algunos futbolistas. En varios encuentros se presentaron fuertes discusiones dentro del campo, reclamos constantes hacia los \u00e1rbitros e incluso enfrentamientos entre jugadores al finalizar los partidos. Estas escenas reflejaron la enorme presi\u00f3n que implica disputar una Copa del Mundo en la que cualquier error puede significar la eliminaci\u00f3n.<\/p>\n\n\n\n<p class=\"wp-block-paragraph\">Otro aspecto que gener\u00f3 conversaci\u00f3n fue el rendimiento de varias selecciones consideradas favoritas. Equipos llamados a pelear por el t\u00edtulo quedaron eliminados antes de lo esperado, mientras que otras selecciones sorprendieron con un nivel competitivo que pocos anticipaban. Esto convirti\u00f3 al Mundial en uno de los m\u00e1s impredecibles de los \u00faltimos a\u00f1os.<\/p>\n\n\n\n<p class=\"wp-block-paragraph\">Las lesiones tambi\u00e9n jugaron un papel importante. Varias figuras internacionales no pudieron disputar partidos decisivos debido a problemas f\u00edsicos, lo que modific\u00f3 el planteamiento de sus selecciones y cambi\u00f3 el desarrollo de algunos encuentros clave. La exigencia del calendario volvi\u00f3 a ser motivo de discusi\u00f3n entre entrenadores y especialistas.<\/p>\n\n\n\n<p class=\"wp-block-paragraph\">Fuera del terreno de juego, las declaraciones de algunos protagonistas tambi\u00e9n dieron mucho de qu\u00e9 hablar. Entrenadores, directivos y jugadores expresaron su inconformidad por decisiones organizativas, horarios y otros aspectos relacionados con la competici\u00f3n, generando un ambiente de constante debate durante todo el campeonato.<\/p>\n\n\n\n<p class=\"wp-block-paragraph\">A pesar de todas estas pol\u00e9micas, el Mundial 2026 ha mantenido la atenci\u00f3n de millones de personas gracias a la intensidad de los partidos y al alto nivel mostrado por los equipos que lograron avanzar hasta las \u00faltimas instancias. La emoci\u00f3n ha sido una constante y cada jornada ha dejado historias que permanecer\u00e1n en la memoria de los aficionados.<\/p>\n\n\n\n<p class=\"wp-block-paragraph\">Ahora toda la expectativa est\u00e1 puesta en la gran final. Los equipos que lograron superar cada obst\u00e1culo buscar\u00e1n escribir su nombre en la historia del f\u00fatbol y levantar el trofeo m\u00e1s importante del deporte. Ser\u00e1 un partido en el que no solo estar\u00e1 en juego un campeonato, sino tambi\u00e9n el legado de una generaci\u00f3n de futbolistas.<\/p>\n\n\n\n<p class=\"wp-block-paragraph\">Cuando el \u00e1rbitro d\u00e9 el pitazo final, terminar\u00e1 un Mundial que seguramente ser\u00e1 recordado tanto por la calidad de sus encuentros como por las m\u00faltiples controversias que despert\u00f3. Lo \u00fanico seguro es que esta edici\u00f3n dejar\u00e1 un antes y un despu\u00e9s en la historia de las Copas del Mundo y continuar\u00e1 siendo tema de conversaci\u00f3n durante muchos a\u00f1os.<\/p>\n\n\n\n<p class=\"wp-block-paragraph\">Y t\u00fa, \u00bfya elegiste cu\u00e1l es tu selecci\u00f3n favorita para apoyar en estas semifinales? La emoci\u00f3n est\u00e1 al m\u00e1ximo y cada partido promete grandes momentos. D\u00e9janos en los comentarios cu\u00e1l crees que llegar\u00e1 a la gran final y qui\u00e9n levantar\u00e1 el trofeo del Mundial 2026.<\/p>\n","protected":false},"excerpt":{"rendered":"<p>El Mundial 2026 est\u00e1 llegando a su momento m\u00e1s esperado. Despu\u00e9s de semanas llenas de&#8230;<\/p>\n","protected":false},"author":3,"featured_media":2013,"comment_status":"open","ping_status":"open","sticky":false,"template":"","format":"standard","meta":{"_monsterinsights_skip_tracking":false,"footnotes":"","jetpack_publicize_message":"","jetpack_publicize_feature_enabled":true,"jetpack_social_post_already_shared":true,"jetpack_social_options":{"image_generator_settings":{"template":"highway","default_image_id":0,"font":"","enabled":false},"version":2}},"categories":[11],"tags":[],"post_badge":[],"class_list":["post-2012","post","type-post","status-publish","format-standard","has-post-thumbnail","hentry","category-futbol-internacional"],"jetpack_publicize_connections":[],"featured_image_urls":{"full":["https:\/\/extremasportscolombia.com.co\/wp-content\/uploads\/2026\/07\/Se-acerca-la-final-del-Mundial-2026-y-el-torneo-deja-muchas-controversias.png",1536,1024,false],"thumbnail":["https:\/\/extremasportscolombia.com.co\/wp-content\/uploads\/2026\/07\/Se-acerca-la-final-del-Mundial-2026-y-el-torneo-deja-muchas-controversias-150x150.png",150,150,true],"medium":["https:\/\/extremasportscolombia.com.co\/wp-content\/uploads\/2026\/07\/Se-acerca-la-final-del-Mundial-2026-y-el-torneo-deja-muchas-controversias-300x200.png",300,200,true],"medium_large":["https:\/\/extremasportscolombia.com.co\/wp-content\/uploads\/2026\/07\/Se-acerca-la-final-del-Mundial-2026-y-el-torneo-deja-muchas-controversias-768x512.png",640,427,true],"large":["https:\/\/extremasportscolombia.com.co\/wp-content\/uploads\/2026\/07\/Se-acerca-la-final-del-Mundial-2026-y-el-torneo-deja-muchas-controversias-1024x683.png",640,427,true],"1536x1536":["https:\/\/extremasportscolombia.com.co\/wp-content\/uploads\/2026\/07\/Se-acerca-la-final-del-Mundial-2026-y-el-torneo-deja-muchas-controversias.png",1536,1024,false],"2048x2048":["https:\/\/extremasportscolombia.com.co\/wp-content\/uploads\/2026\/07\/Se-acerca-la-final-del-Mundial-2026-y-el-torneo-deja-muchas-controversias.png",1536,1024,false],"covernews-slider-full":["https:\/\/extremasportscolombia.com.co\/wp-content\/uploads\/2026\/07\/Se-acerca-la-final-del-Mundial-2026-y-el-torneo-deja-muchas-controversias.png",1073,715,false],"covernews-slider-center":["https:\/\/extremasportscolombia.com.co\/wp-content\/uploads\/2026\/07\/Se-acerca-la-final-del-Mundial-2026-y-el-torneo-deja-muchas-controversias.png",750,500,false],"covernews-featured":["https:\/\/extremasportscolombia.com.co\/wp-content\/uploads\/2026\/07\/Se-acerca-la-final-del-Mundial-2026-y-el-torneo-deja-muchas-controversias.png",1024,683,false],"covernews-medium":["https:\/\/extremasportscolombia.com.co\/wp-content\/uploads\/2026\/07\/Se-acerca-la-final-del-Mundial-2026-y-el-torneo-deja-muchas-controversias.png",510,340,false],"covernews-medium-square":["https:\/\/extremasportscolombia.com.co\/wp-content\/uploads\/2026\/07\/Se-acerca-la-final-del-Mundial-2026-y-el-torneo-deja-muchas-controversias.png",375,250,false]},"author_info":{"display_name":"Rodrigo Aldana","author_link":"https:\/\/extremasportscolombia.com.co\/?author=3"},"category_info":"<a href=\"https:\/\/extremasportscolombia.com.co\/?cat=11\" rel=\"category\">Futbol internacional<\/a>","tag_info":"Futbol internacional","comment_count":"0","_links":{"self":[{"href":"https:\/\/extremasportscolombia.com.co\/index.php?rest_route=\/wp\/v2\/posts\/2012","targetHints":{"allow":["GET"]}}],"collection":[{"href":"https:\/\/extremasportscolombia.com.co\/index.php?rest_route=\/wp\/v2\/posts"}],"about":[{"href":"https:\/\/extremasportscolombia.com.co\/index.php?rest_route=\/wp\/v2\/types\/post"}],"author":[{"embeddable":true,"href":"https:\/\/extremasportscolombia.com.co\/index.php?rest_route=\/wp\/v2\/users\/3"}],"replies":[{"embeddable":true,"href":"https:\/\/extremasportscolombia.com.co\/index.php?rest_route=%2Fwp%2Fv2%2Fcomments&post=2012"}],"version-history":[{"count":1,"href":"https:\/\/extremasportscolombia.com.co\/index.php?rest_route=\/wp\/v2\/posts\/2012\/revisions"}],"predecessor-version":[{"id":2014,"href":"https:\/\/extremasportscolombia.com.co\/index.php?rest_route=\/wp\/v2\/posts\/2012\/revisions\/2014"}],"wp:featuredmedia":[{"embeddable":true,"href":"https:\/\/extremasportscolombia.com.co\/index.php?rest_route=\/wp\/v2\/media\/2013"}],"wp:attachment":[{"href":"https:\/\/extremasportscolombia.com.co\/index.php?rest_route=%2Fwp%2Fv2%2Fmedia&parent=2012"}],"wp:term":[{"taxonomy":"category","embeddable":true,"href":"https:\/\/extremasportscolombia.com.co\/index.php?rest_route=%2Fwp%2Fv2%2Fcategories&post=2012"},{"taxonomy":"post_tag","embeddable":true,"href":"https:\/\/extremasportscolombia.com.co\/index.php?rest_route=%2Fwp%2Fv2%2Ftags&post=2012"},{"taxonomy":"post_badge","embeddable":true,"href":"https:\/\/extremasportscolombia.com.co\/index.php?rest_route=%2Fwp%2Fv2%2Fpost_badge&post=2012"}],"curies":[{"name":"wp","href":"https:\/\/api.w.org\/{rel}","templated":true}]}}