{"id":2005,"date":"2026-07-11T12:52:57","date_gmt":"2026-07-11T12:52:57","guid":{"rendered":"https:\/\/extremasportscolombia.com.co\/?p=2005"},"modified":"2026-07-11T12:53:22","modified_gmt":"2026-07-11T12:53:22","slug":"espana-elimina-a-belgica-y-se-cita-con-francia-en-unas-semifinales-de-alto-voltaje","status":"publish","type":"post","link":"https:\/\/extremasportscolombia.com.co\/?p=2005","title":{"rendered":"Espa\u00f1a elimina a B\u00e9lgica y se cita con Francia en unas semifinales de alto voltaje"},"content":{"rendered":"\n<p class=\"wp-block-paragraph\">La selecci\u00f3n de Espa\u00f1a contin\u00faa demostrando que es una de las grandes candidatas al t\u00edtulo del Mundial 2026. En un emocionante partido de cuartos de final disputado este viernes, <strong>La Roja derrot\u00f3 2-1 a B\u00e9lgica<\/strong> y asegur\u00f3 su clasificaci\u00f3n a las semifinales del torneo, donde le espera un aut\u00e9ntico desaf\u00edo frente a la poderosa selecci\u00f3n de Francia.<\/p>\n\n\n\n<p class=\"wp-block-paragraph\">Desde el pitazo inicial, el encuentro fue intenso. Espa\u00f1a tom\u00f3 la iniciativa con su caracter\u00edstico estilo de posesi\u00f3n y presi\u00f3n alta, buscando generar peligro por las bandas y aprovechando la movilidad de sus atacantes. B\u00e9lgica, por su parte, respondi\u00f3 con r\u00e1pidas transiciones ofensivas y trat\u00f3 de aprovechar la experiencia de sus referentes para sorprender a la defensa espa\u00f1ola.<\/p>\n\n\n\n<p class=\"wp-block-paragraph\">El dominio espa\u00f1ol tuvo recompensa en la primera mitad cuando <strong>Fabi\u00e1n Ruiz<\/strong> abri\u00f3 el marcador tras aprovechar un rebote dentro del \u00e1rea. El gol reflejaba el buen momento que atravesaba el conjunto dirigido por Luis de la Fuente, que controlaba gran parte del partido gracias a la circulaci\u00f3n del bal\u00f3n y la presi\u00f3n constante sobre la salida belga.<\/p>\n\n\n\n<p class=\"wp-block-paragraph\">Sin embargo, B\u00e9lgica no tard\u00f3 en reaccionar. Antes del descanso, <strong>Charles De Ketelaere<\/strong> apareci\u00f3 dentro del \u00e1rea para conectar un certero cabezazo que venci\u00f3 a Unai Sim\u00f3n e igual\u00f3 el compromiso. Con el 1-1, el partido gan\u00f3 a\u00fan m\u00e1s intensidad y dej\u00f3 todo abierto para una segunda parte llena de emociones.<\/p>\n\n\n\n<p class=\"wp-block-paragraph\">En el complemento ambos equipos buscaron el gol de la clasificaci\u00f3n. Espa\u00f1a mantuvo la iniciativa, mientras que B\u00e9lgica apost\u00f3 por los contraataques y la potencia f\u00edsica de Romelu Lukaku para intentar hacer da\u00f1o. Los dos porteros tuvieron intervenciones importantes y el encuentro parec\u00eda encaminado al tiempo extra.<\/p>\n\n\n\n<p class=\"wp-block-paragraph\">Cuando todo indicaba que el empate se mantendr\u00eda hasta el final, apareci\u00f3 nuevamente un jugador acostumbrado a ser decisivo. En el minuto 88, <strong>Mikel Merino<\/strong> aprovech\u00f3 un error del guardameta belga Senne Lammens, quien hab\u00eda ingresado tras la lesi\u00f3n de Thibaut Courtois, para empujar el bal\u00f3n al fondo de la red y marcar el <strong>2-1 definitivo<\/strong> que desat\u00f3 la celebraci\u00f3n espa\u00f1ola.<\/p>\n\n\n\n<p class=\"wp-block-paragraph\">Los \u00faltimos minutos fueron de m\u00e1xima tensi\u00f3n. B\u00e9lgica adelant\u00f3 sus l\u00edneas en busca del empate, pero la defensa espa\u00f1ola resisti\u00f3 cada intento y consigui\u00f3 conservar la ventaja hasta el pitazo final. Con este resultado, Espa\u00f1a vuelve a instalarse entre las cuatro mejores selecciones del mundo y mantiene intacto el sue\u00f1o de conquistar un nuevo t\u00edtulo mundial.<\/p>\n\n\n\n<p class=\"wp-block-paragraph\">Ahora, el reto ser\u00e1 a\u00fan mayor. <strong>Espa\u00f1a enfrentar\u00e1 a Francia en las semifinales del Mundial<\/strong>, un duelo que promete ser uno de los mejores partidos del campeonato. Ambas selecciones llegan en un gran momento y cuentan con plantillas repletas de talento, por lo que se espera un enfrentamiento lleno de emociones, intensidad y f\u00fatbol de alto nivel.<\/p>\n\n\n\n<p class=\"wp-block-paragraph\">El partido entre <strong>Espa\u00f1a y Francia<\/strong> se disputar\u00e1 <strong>el martes 14 de julio<\/strong>, con un cupo en la gran final del Mundial 2026 en juego. Los aficionados de todo el mundo estar\u00e1n atentos a este choque entre dos de las selecciones m\u00e1s fuertes del torneo, en un encuentro que podr\u00eda marcar el camino hacia el t\u00edtulo mundial.<\/p>\n\n\n\n<p class=\"wp-block-paragraph\"><\/p>\n","protected":false},"excerpt":{"rendered":"<p>La selecci\u00f3n de Espa\u00f1a contin\u00faa demostrando que es una de las grandes candidatas al t\u00edtulo&#8230;<\/p>\n","protected":false},"author":3,"featured_media":2006,"comment_status":"open","ping_status":"open","sticky":false,"template":"","format":"standard","meta":{"_monsterinsights_skip_tracking":false,"footnotes":"","jetpack_publicize_message":"","jetpack_publicize_feature_enabled":true,"jetpack_social_post_already_shared":true,"jetpack_social_options":{"image_generator_settings":{"template":"highway","default_image_id":0,"font":"","enabled":false},"version":2}},"categories":[11],"tags":[],"post_badge":[],"class_list":["post-2005","post","type-post","status-publish","format-standard","has-post-thumbnail","hentry","category-futbol-internacional"],"jetpack_publicize_connections":[],"featured_image_urls":{"full":["https:\/\/extremasportscolombia.com.co\/wp-content\/uploads\/2026\/07\/Espana-elimina-a-Belgica-y-se-cita-con-Francia-en-unas-semifinales-de-alto-voltaje.png",1536,1024,false],"thumbnail":["https:\/\/extremasportscolombia.com.co\/wp-content\/uploads\/2026\/07\/Espana-elimina-a-Belgica-y-se-cita-con-Francia-en-unas-semifinales-de-alto-voltaje-150x150.png",150,150,true],"medium":["https:\/\/extremasportscolombia.com.co\/wp-content\/uploads\/2026\/07\/Espana-elimina-a-Belgica-y-se-cita-con-Francia-en-unas-semifinales-de-alto-voltaje-300x200.png",300,200,true],"medium_large":["https:\/\/extremasportscolombia.com.co\/wp-content\/uploads\/2026\/07\/Espana-elimina-a-Belgica-y-se-cita-con-Francia-en-unas-semifinales-de-alto-voltaje-768x512.png",640,427,true],"large":["https:\/\/extremasportscolombia.com.co\/wp-content\/uploads\/2026\/07\/Espana-elimina-a-Belgica-y-se-cita-con-Francia-en-unas-semifinales-de-alto-voltaje-1024x683.png",640,427,true],"1536x1536":["https:\/\/extremasportscolombia.com.co\/wp-content\/uploads\/2026\/07\/Espana-elimina-a-Belgica-y-se-cita-con-Francia-en-unas-semifinales-de-alto-voltaje.png",1536,1024,false],"2048x2048":["https:\/\/extremasportscolombia.com.co\/wp-content\/uploads\/2026\/07\/Espana-elimina-a-Belgica-y-se-cita-con-Francia-en-unas-semifinales-de-alto-voltaje.png",1536,1024,false],"covernews-slider-full":["https:\/\/extremasportscolombia.com.co\/wp-content\/uploads\/2026\/07\/Espana-elimina-a-Belgica-y-se-cita-con-Francia-en-unas-semifinales-de-alto-voltaje.png",1073,715,false],"covernews-slider-center":["https:\/\/extremasportscolombia.com.co\/wp-content\/uploads\/2026\/07\/Espana-elimina-a-Belgica-y-se-cita-con-Francia-en-unas-semifinales-de-alto-voltaje.png",750,500,false],"covernews-featured":["https:\/\/extremasportscolombia.com.co\/wp-content\/uploads\/2026\/07\/Espana-elimina-a-Belgica-y-se-cita-con-Francia-en-unas-semifinales-de-alto-voltaje.png",1024,683,false],"covernews-medium":["https:\/\/extremasportscolombia.com.co\/wp-content\/uploads\/2026\/07\/Espana-elimina-a-Belgica-y-se-cita-con-Francia-en-unas-semifinales-de-alto-voltaje.png",510,340,false],"covernews-medium-square":["https:\/\/extremasportscolombia.com.co\/wp-content\/uploads\/2026\/07\/Espana-elimina-a-Belgica-y-se-cita-con-Francia-en-unas-semifinales-de-alto-voltaje.png",375,250,false]},"author_info":{"display_name":"Rodrigo Aldana","author_link":"https:\/\/extremasportscolombia.com.co\/?author=3"},"category_info":"<a href=\"https:\/\/extremasportscolombia.com.co\/?cat=11\" rel=\"category\">Futbol internacional<\/a>","tag_info":"Futbol internacional","comment_count":"0","_links":{"self":[{"href":"https:\/\/extremasportscolombia.com.co\/index.php?rest_route=\/wp\/v2\/posts\/2005","targetHints":{"allow":["GET"]}}],"collection":[{"href":"https:\/\/extremasportscolombia.com.co\/index.php?rest_route=\/wp\/v2\/posts"}],"about":[{"href":"https:\/\/extremasportscolombia.com.co\/index.php?rest_route=\/wp\/v2\/types\/post"}],"author":[{"embeddable":true,"href":"https:\/\/extremasportscolombia.com.co\/index.php?rest_route=\/wp\/v2\/users\/3"}],"replies":[{"embeddable":true,"href":"https:\/\/extremasportscolombia.com.co\/index.php?rest_route=%2Fwp%2Fv2%2Fcomments&post=2005"}],"version-history":[{"count":2,"href":"https:\/\/extremasportscolombia.com.co\/index.php?rest_route=\/wp\/v2\/posts\/2005\/revisions"}],"predecessor-version":[{"id":2008,"href":"https:\/\/extremasportscolombia.com.co\/index.php?rest_route=\/wp\/v2\/posts\/2005\/revisions\/2008"}],"wp:featuredmedia":[{"embeddable":true,"href":"https:\/\/extremasportscolombia.com.co\/index.php?rest_route=\/wp\/v2\/media\/2006"}],"wp:attachment":[{"href":"https:\/\/extremasportscolombia.com.co\/index.php?rest_route=%2Fwp%2Fv2%2Fmedia&parent=2005"}],"wp:term":[{"taxonomy":"category","embeddable":true,"href":"https:\/\/extremasportscolombia.com.co\/index.php?rest_route=%2Fwp%2Fv2%2Fcategories&post=2005"},{"taxonomy":"post_tag","embeddable":true,"href":"https:\/\/extremasportscolombia.com.co\/index.php?rest_route=%2Fwp%2Fv2%2Ftags&post=2005"},{"taxonomy":"post_badge","embeddable":true,"href":"https:\/\/extremasportscolombia.com.co\/index.php?rest_route=%2Fwp%2Fv2%2Fpost_badge&post=2005"}],"curies":[{"name":"wp","href":"https:\/\/api.w.org\/{rel}","templated":true}]}}