{"id":2001,"date":"2026-07-10T13:14:47","date_gmt":"2026-07-10T13:14:47","guid":{"rendered":"https:\/\/extremasportscolombia.com.co\/?p=2001"},"modified":"2026-07-10T13:15:33","modified_gmt":"2026-07-10T13:15:33","slug":"francia-impone-su-jerarquia-ante-marruecos-y-avanza-a-las-semifinales-del-mundial-2026","status":"publish","type":"post","link":"https:\/\/extremasportscolombia.com.co\/?p=2001","title":{"rendered":"Francia impone su jerarqu\u00eda ante Marruecos y avanza a las semifinales del Mundial 2026"},"content":{"rendered":"\n<p class=\"wp-block-paragraph\">La selecci\u00f3n de Francia confirm\u00f3 su candidatura al t\u00edtulo de la Copa Mundial 2026 tras vencer por 2-0 a Marruecos en los cuartos de final, en un compromiso donde la calidad individual y la experiencia de los franceses terminaron marcando la diferencia. El conjunto dirigido por Didier Deschamps volvi\u00f3 a demostrar por qu\u00e9 es uno de los favoritos al campeonato y sell\u00f3 con autoridad su clasificaci\u00f3n entre los cuatro mejores equipos del torneo.<\/p>\n\n\n\n<p class=\"wp-block-paragraph\">Durante la primera mitad el encuentro fue muy disputado. Marruecos plante\u00f3 un partido ordenado, con l\u00edneas compactas y buscando aprovechar cualquier espacio para salir al contragolpe. Los africanos lograron incomodar por momentos a Francia, que domin\u00f3 la posesi\u00f3n del bal\u00f3n, pero encontr\u00f3 dificultades para romper el s\u00f3lido bloque defensivo de su rival.<\/p>\n\n\n\n<p class=\"wp-block-paragraph\">El momento m\u00e1s emocionante del primer tiempo lleg\u00f3 cuando Kylian Mbapp\u00e9 dispuso de una oportunidad desde el punto penal. Sin embargo, el arquero marroqu\u00ed Bono respondi\u00f3 con una gran intervenci\u00f3n para mantener el empate y alimentar la ilusi\u00f3n de su selecci\u00f3n. Esa acci\u00f3n dio confianza a Marruecos, que se fue al descanso convencido de que pod\u00eda dar la sorpresa.<\/p>\n\n\n\n<p class=\"wp-block-paragraph\">En la segunda parte, Francia elev\u00f3 considerablemente su nivel. El ritmo del partido aument\u00f3 y las figuras francesas comenzaron a encontrar los espacios que tanto hab\u00edan buscado durante los primeros 45 minutos. La insistencia tuvo recompensa cuando Mbapp\u00e9 apareci\u00f3 con una brillante definici\u00f3n para abrir el marcador y desatar la celebraci\u00f3n de los aficionados franceses.<\/p>\n\n\n\n<p class=\"wp-block-paragraph\">El gol cambi\u00f3 completamente el desarrollo del encuentro. Marruecos tuvo que adelantar sus l\u00edneas en busca del empate, pero esa decisi\u00f3n dej\u00f3 espacios que Francia aprovech\u00f3 con inteligencia. Apenas unos minutos despu\u00e9s, Ousmane Demb\u00e9l\u00e9 culmin\u00f3 una gran jugada colectiva para ampliar la ventaja y colocar el 2-0 definitivo.<\/p>\n\n\n\n<p class=\"wp-block-paragraph\">Con la diferencia en el marcador, Francia administr\u00f3 la posesi\u00f3n del bal\u00f3n y control\u00f3 el partido hasta el pitazo final. Marruecos intent\u00f3 reaccionar, pero nunca encontr\u00f3 la claridad suficiente para inquietar seriamente la porter\u00eda francesa. A pesar de la eliminaci\u00f3n, la selecci\u00f3n africana volvi\u00f3 a demostrar su crecimiento en el f\u00fatbol internacional y dej\u00f3 una imagen competitiva durante toda la Copa del Mundo.<\/p>\n\n\n\n<p class=\"wp-block-paragraph\">Por su parte, Francia contin\u00faa construyendo una campa\u00f1a muy s\u00f3lida. Su defensa ha mostrado una gran seguridad, mientras que en ataque cuenta con jugadores capaces de resolver partidos en cualquier momento. El equipo llega a las semifinales con confianza y mantiene intacto el sue\u00f1o de conquistar un nuevo t\u00edtulo mundial.<\/p>\n\n\n\n<p class=\"wp-block-paragraph\">Ahora, el combinado franc\u00e9s ya espera rival. En las semifinales enfrentar\u00e1 al vencedor del compromiso entre Espa\u00f1a y B\u00e9lgica, encuentro que se disputar\u00e1 este <strong>10 de julio<\/strong>. La semifinal est\u00e1 programada para el pr\u00f3ximo <strong>14 de julio<\/strong>, donde Francia buscar\u00e1 un lugar en la gran final del Mundial 2026 y dar un paso m\u00e1s hacia la conquista del campeonato.<\/p>\n","protected":false},"excerpt":{"rendered":"<p>La selecci\u00f3n de Francia confirm\u00f3 su candidatura al t\u00edtulo de la Copa Mundial 2026 tras&#8230;<\/p>\n","protected":false},"author":3,"featured_media":2002,"comment_status":"open","ping_status":"open","sticky":false,"template":"","format":"standard","meta":{"_monsterinsights_skip_tracking":false,"footnotes":"","jetpack_publicize_message":"","jetpack_publicize_feature_enabled":true,"jetpack_social_post_already_shared":true,"jetpack_social_options":{"image_generator_settings":{"template":"highway","default_image_id":0,"font":"","enabled":false},"version":2}},"categories":[11],"tags":[],"post_badge":[],"class_list":["post-2001","post","type-post","status-publish","format-standard","has-post-thumbnail","hentry","category-futbol-internacional"],"jetpack_publicize_connections":[],"featured_image_urls":{"full":["https:\/\/extremasportscolombia.com.co\/wp-content\/uploads\/2026\/07\/Francia-impone-su-jerarquia-ante-Marruecos-y-avanza-a-las-semifinales-del-Mundial-2026.png",1536,1024,false],"thumbnail":["https:\/\/extremasportscolombia.com.co\/wp-content\/uploads\/2026\/07\/Francia-impone-su-jerarquia-ante-Marruecos-y-avanza-a-las-semifinales-del-Mundial-2026-150x150.png",150,150,true],"medium":["https:\/\/extremasportscolombia.com.co\/wp-content\/uploads\/2026\/07\/Francia-impone-su-jerarquia-ante-Marruecos-y-avanza-a-las-semifinales-del-Mundial-2026-300x200.png",300,200,true],"medium_large":["https:\/\/extremasportscolombia.com.co\/wp-content\/uploads\/2026\/07\/Francia-impone-su-jerarquia-ante-Marruecos-y-avanza-a-las-semifinales-del-Mundial-2026-768x512.png",640,427,true],"large":["https:\/\/extremasportscolombia.com.co\/wp-content\/uploads\/2026\/07\/Francia-impone-su-jerarquia-ante-Marruecos-y-avanza-a-las-semifinales-del-Mundial-2026-1024x683.png",640,427,true],"1536x1536":["https:\/\/extremasportscolombia.com.co\/wp-content\/uploads\/2026\/07\/Francia-impone-su-jerarquia-ante-Marruecos-y-avanza-a-las-semifinales-del-Mundial-2026.png",1536,1024,false],"2048x2048":["https:\/\/extremasportscolombia.com.co\/wp-content\/uploads\/2026\/07\/Francia-impone-su-jerarquia-ante-Marruecos-y-avanza-a-las-semifinales-del-Mundial-2026.png",1536,1024,false],"covernews-slider-full":["https:\/\/extremasportscolombia.com.co\/wp-content\/uploads\/2026\/07\/Francia-impone-su-jerarquia-ante-Marruecos-y-avanza-a-las-semifinales-del-Mundial-2026.png",1073,715,false],"covernews-slider-center":["https:\/\/extremasportscolombia.com.co\/wp-content\/uploads\/2026\/07\/Francia-impone-su-jerarquia-ante-Marruecos-y-avanza-a-las-semifinales-del-Mundial-2026.png",750,500,false],"covernews-featured":["https:\/\/extremasportscolombia.com.co\/wp-content\/uploads\/2026\/07\/Francia-impone-su-jerarquia-ante-Marruecos-y-avanza-a-las-semifinales-del-Mundial-2026.png",1024,683,false],"covernews-medium":["https:\/\/extremasportscolombia.com.co\/wp-content\/uploads\/2026\/07\/Francia-impone-su-jerarquia-ante-Marruecos-y-avanza-a-las-semifinales-del-Mundial-2026.png",510,340,false],"covernews-medium-square":["https:\/\/extremasportscolombia.com.co\/wp-content\/uploads\/2026\/07\/Francia-impone-su-jerarquia-ante-Marruecos-y-avanza-a-las-semifinales-del-Mundial-2026.png",375,250,false]},"author_info":{"display_name":"Rodrigo Aldana","author_link":"https:\/\/extremasportscolombia.com.co\/?author=3"},"category_info":"<a href=\"https:\/\/extremasportscolombia.com.co\/?cat=11\" rel=\"category\">Futbol internacional<\/a>","tag_info":"Futbol internacional","comment_count":"0","_links":{"self":[{"href":"https:\/\/extremasportscolombia.com.co\/index.php?rest_route=\/wp\/v2\/posts\/2001","targetHints":{"allow":["GET"]}}],"collection":[{"href":"https:\/\/extremasportscolombia.com.co\/index.php?rest_route=\/wp\/v2\/posts"}],"about":[{"href":"https:\/\/extremasportscolombia.com.co\/index.php?rest_route=\/wp\/v2\/types\/post"}],"author":[{"embeddable":true,"href":"https:\/\/extremasportscolombia.com.co\/index.php?rest_route=\/wp\/v2\/users\/3"}],"replies":[{"embeddable":true,"href":"https:\/\/extremasportscolombia.com.co\/index.php?rest_route=%2Fwp%2Fv2%2Fcomments&post=2001"}],"version-history":[{"count":1,"href":"https:\/\/extremasportscolombia.com.co\/index.php?rest_route=\/wp\/v2\/posts\/2001\/revisions"}],"predecessor-version":[{"id":2003,"href":"https:\/\/extremasportscolombia.com.co\/index.php?rest_route=\/wp\/v2\/posts\/2001\/revisions\/2003"}],"wp:featuredmedia":[{"embeddable":true,"href":"https:\/\/extremasportscolombia.com.co\/index.php?rest_route=\/wp\/v2\/media\/2002"}],"wp:attachment":[{"href":"https:\/\/extremasportscolombia.com.co\/index.php?rest_route=%2Fwp%2Fv2%2Fmedia&parent=2001"}],"wp:term":[{"taxonomy":"category","embeddable":true,"href":"https:\/\/extremasportscolombia.com.co\/index.php?rest_route=%2Fwp%2Fv2%2Fcategories&post=2001"},{"taxonomy":"post_tag","embeddable":true,"href":"https:\/\/extremasportscolombia.com.co\/index.php?rest_route=%2Fwp%2Fv2%2Ftags&post=2001"},{"taxonomy":"post_badge","embeddable":true,"href":"https:\/\/extremasportscolombia.com.co\/index.php?rest_route=%2Fwp%2Fv2%2Fpost_badge&post=2001"}],"curies":[{"name":"wp","href":"https:\/\/api.w.org\/{rel}","templated":true}]}}