{"id":1993,"date":"2026-07-08T13:47:45","date_gmt":"2026-07-08T13:47:45","guid":{"rendered":"https:\/\/extremasportscolombia.com.co\/?p=1993"},"modified":"2026-07-08T13:48:45","modified_gmt":"2026-07-08T13:48:45","slug":"colombia-se-quedo-a-las-puertas-de-la-hazana-y-cayo-ante-suiza-en-una-dolorosa-tanda-de-penales","status":"publish","type":"post","link":"https:\/\/extremasportscolombia.com.co\/?p=1993","title":{"rendered":"Colombia se qued\u00f3 a las puertas de la haza\u00f1a y cay\u00f3 ante Suiza en una dolorosa tanda de penales"},"content":{"rendered":"\n<p class=\"wp-block-paragraph\">La ilusi\u00f3n de la Selecci\u00f3n Colombia en el Mundial 2026 lleg\u00f3 a su fin en los octavos de final. En un partido intenso, disputado y con emociones hasta el \u00faltimo instante, el conjunto dirigido por N\u00e9stor Lorenzo fue superior durante varios tramos del encuentro, pero volvi\u00f3 a sufrir por la falta de contundencia frente al arco rival. Tras 120 minutos sin goles, Suiza termin\u00f3 imponi\u00e9ndose 4-3 en la tanda de penales para quedarse con el \u00faltimo boleto a los cuartos de final.<\/p>\n\n\n\n<p class=\"wp-block-paragraph\">Desde el pitazo inicial, Colombia mostr\u00f3 personalidad y no se dej\u00f3 intimidar por el orden t\u00e1ctico del conjunto europeo. La Tricolor presion\u00f3 alto, recuper\u00f3 r\u00e1pidamente el bal\u00f3n y gener\u00f3 las opciones m\u00e1s claras del compromiso. Luis D\u00edaz fue uno de los jugadores m\u00e1s desequilibrantes, mientras que el mediocampo colombiano logr\u00f3 controlar buena parte del desarrollo del partido.<\/p>\n\n\n\n<p class=\"wp-block-paragraph\">Sin embargo, el gran problema volvi\u00f3 a aparecer: la definici\u00f3n. Cada aproximaci\u00f3n terminaba en una gran intervenci\u00f3n del arquero Gregor Kobel, un remate desviado o una mala decisi\u00f3n en los \u00faltimos metros. Colombia dominaba, pero el marcador segu\u00eda inm\u00f3vil.<\/p>\n\n\n\n<p class=\"wp-block-paragraph\">Durante la segunda mitad, Suiza adelant\u00f3 sus l\u00edneas e intent\u00f3 equilibrar el compromiso mediante la posesi\u00f3n del bal\u00f3n. Aun as\u00ed, las mejores ocasiones continuaron siendo para el equipo cafetero, que encontraba espacios por las bandas y llegaba con peligro, aunque sin la precisi\u00f3n necesaria para romper el empate.<\/p>\n\n\n\n<p class=\"wp-block-paragraph\">Con el 0-0 al t\u00e9rmino de los 90 minutos, el partido se fue al tiempo suplementario. All\u00ed apareci\u00f3 la oportunidad que todav\u00eda lamentan los aficionados colombianos. En una de las jugadas m\u00e1s claras del encuentro, J\u00e1minton Campaz tuvo el gol de la clasificaci\u00f3n en sus pies, pero no logr\u00f3 definir con precisi\u00f3n frente al arco rival, dejando escapar una ocasi\u00f3n inmejorable para evitar los penales.<\/p>\n\n\n\n<p class=\"wp-block-paragraph\">Esa acci\u00f3n termin\u00f3 marcando el destino del partido. Colombia hab\u00eda hecho el desgaste, hab\u00eda generado m\u00e1s opciones y hab\u00eda estado mucho m\u00e1s cerca del gol que su rival, pero el f\u00fatbol volvi\u00f3 a demostrar que quien no aprovecha sus oportunidades termina pag\u00e1ndolo muy caro.<\/p>\n\n\n\n<p class=\"wp-block-paragraph\">La definici\u00f3n desde los once pasos fue dram\u00e1tica. Ambos equipos comenzaron anotando, pero la presi\u00f3n fue aumentando con cada cobro. Finalmente, los errores de Davinson S\u00e1nchez y del Cucho Hern\u00e1ndez inclinaron la balanza a favor de Suiza, que fue m\u00e1s efectiva en la tanda y sell\u00f3 su clasificaci\u00f3n con un marcador de 4-3 en los penales.<\/p>\n\n\n\n<p class=\"wp-block-paragraph\">La eliminaci\u00f3n deja un sabor amargo para Colombia. M\u00e1s all\u00e1 del resultado, la selecci\u00f3n demostr\u00f3 tener argumentos futbol\u00edsticos para competir de igual a igual frente a cualquier rival del torneo. Fue un equipo s\u00f3lido, ordenado y valiente, pero la falta de eficacia ofensiva termin\u00f3 condenando una actuaci\u00f3n que, por momentos, parec\u00eda suficiente para avanzar.<\/p>\n\n\n\n<p class=\"wp-block-paragraph\">Al finalizar el compromiso, el propio N\u00e9stor Lorenzo reconoci\u00f3 que el gran d\u00e9ficit del equipo fue la definici\u00f3n, asegurando que \u00abno convertir se paga\u00bb, una frase que resumi\u00f3 perfectamente lo ocurrido durante los 120 minutos de juego.<\/p>\n\n\n\n<p class=\"wp-block-paragraph\">Ahora ser\u00e1 Suiza la que contin\u00fae su camino en la Copa del Mundo. El conjunto europeo enfrentar\u00e1 a Argentina en los cuartos de final, mientras que Colombia regresa a casa con la frustraci\u00f3n de haber estado muy cerca de lograr una clasificaci\u00f3n hist\u00f3rica que se escap\u00f3 por peque\u00f1os detalles y por la falta de contundencia en los momentos decisivos.<\/p>\n","protected":false},"excerpt":{"rendered":"<p>La ilusi\u00f3n de la Selecci\u00f3n Colombia en el Mundial 2026 lleg\u00f3 a su fin en&#8230;<\/p>\n","protected":false},"author":3,"featured_media":1995,"comment_status":"open","ping_status":"open","sticky":false,"template":"","format":"standard","meta":{"_monsterinsights_skip_tracking":false,"footnotes":"","jetpack_publicize_message":"","jetpack_publicize_feature_enabled":true,"jetpack_social_post_already_shared":true,"jetpack_social_options":{"image_generator_settings":{"template":"highway","default_image_id":0,"font":"","enabled":false},"version":2}},"categories":[1],"tags":[],"post_badge":[],"class_list":["post-1993","post","type-post","status-publish","format-standard","has-post-thumbnail","hentry","category-futbol"],"jetpack_publicize_connections":[],"featured_image_urls":{"full":["https:\/\/extremasportscolombia.com.co\/wp-content\/uploads\/2026\/07\/Colombia-se-quedo-a-las-puertas-de-la-hazana-y-cayo-ante-Suiza-en-una-dolorosa-tanda-de-penales-1.png",1536,1024,false],"thumbnail":["https:\/\/extremasportscolombia.com.co\/wp-content\/uploads\/2026\/07\/Colombia-se-quedo-a-las-puertas-de-la-hazana-y-cayo-ante-Suiza-en-una-dolorosa-tanda-de-penales-1-150x150.png",150,150,true],"medium":["https:\/\/extremasportscolombia.com.co\/wp-content\/uploads\/2026\/07\/Colombia-se-quedo-a-las-puertas-de-la-hazana-y-cayo-ante-Suiza-en-una-dolorosa-tanda-de-penales-1-300x200.png",300,200,true],"medium_large":["https:\/\/extremasportscolombia.com.co\/wp-content\/uploads\/2026\/07\/Colombia-se-quedo-a-las-puertas-de-la-hazana-y-cayo-ante-Suiza-en-una-dolorosa-tanda-de-penales-1-768x512.png",640,427,true],"large":["https:\/\/extremasportscolombia.com.co\/wp-content\/uploads\/2026\/07\/Colombia-se-quedo-a-las-puertas-de-la-hazana-y-cayo-ante-Suiza-en-una-dolorosa-tanda-de-penales-1-1024x683.png",640,427,true],"1536x1536":["https:\/\/extremasportscolombia.com.co\/wp-content\/uploads\/2026\/07\/Colombia-se-quedo-a-las-puertas-de-la-hazana-y-cayo-ante-Suiza-en-una-dolorosa-tanda-de-penales-1.png",1536,1024,false],"2048x2048":["https:\/\/extremasportscolombia.com.co\/wp-content\/uploads\/2026\/07\/Colombia-se-quedo-a-las-puertas-de-la-hazana-y-cayo-ante-Suiza-en-una-dolorosa-tanda-de-penales-1.png",1536,1024,false],"covernews-slider-full":["https:\/\/extremasportscolombia.com.co\/wp-content\/uploads\/2026\/07\/Colombia-se-quedo-a-las-puertas-de-la-hazana-y-cayo-ante-Suiza-en-una-dolorosa-tanda-de-penales-1.png",1073,715,false],"covernews-slider-center":["https:\/\/extremasportscolombia.com.co\/wp-content\/uploads\/2026\/07\/Colombia-se-quedo-a-las-puertas-de-la-hazana-y-cayo-ante-Suiza-en-una-dolorosa-tanda-de-penales-1.png",750,500,false],"covernews-featured":["https:\/\/extremasportscolombia.com.co\/wp-content\/uploads\/2026\/07\/Colombia-se-quedo-a-las-puertas-de-la-hazana-y-cayo-ante-Suiza-en-una-dolorosa-tanda-de-penales-1.png",1024,683,false],"covernews-medium":["https:\/\/extremasportscolombia.com.co\/wp-content\/uploads\/2026\/07\/Colombia-se-quedo-a-las-puertas-de-la-hazana-y-cayo-ante-Suiza-en-una-dolorosa-tanda-de-penales-1.png",510,340,false],"covernews-medium-square":["https:\/\/extremasportscolombia.com.co\/wp-content\/uploads\/2026\/07\/Colombia-se-quedo-a-las-puertas-de-la-hazana-y-cayo-ante-Suiza-en-una-dolorosa-tanda-de-penales-1.png",375,250,false]},"author_info":{"display_name":"Rodrigo Aldana","author_link":"https:\/\/extremasportscolombia.com.co\/?author=3"},"category_info":"<a href=\"https:\/\/extremasportscolombia.com.co\/?cat=1\" rel=\"category\">Futbol Colombiano<\/a>","tag_info":"Futbol Colombiano","comment_count":"0","_links":{"self":[{"href":"https:\/\/extremasportscolombia.com.co\/index.php?rest_route=\/wp\/v2\/posts\/1993","targetHints":{"allow":["GET"]}}],"collection":[{"href":"https:\/\/extremasportscolombia.com.co\/index.php?rest_route=\/wp\/v2\/posts"}],"about":[{"href":"https:\/\/extremasportscolombia.com.co\/index.php?rest_route=\/wp\/v2\/types\/post"}],"author":[{"embeddable":true,"href":"https:\/\/extremasportscolombia.com.co\/index.php?rest_route=\/wp\/v2\/users\/3"}],"replies":[{"embeddable":true,"href":"https:\/\/extremasportscolombia.com.co\/index.php?rest_route=%2Fwp%2Fv2%2Fcomments&post=1993"}],"version-history":[{"count":1,"href":"https:\/\/extremasportscolombia.com.co\/index.php?rest_route=\/wp\/v2\/posts\/1993\/revisions"}],"predecessor-version":[{"id":1996,"href":"https:\/\/extremasportscolombia.com.co\/index.php?rest_route=\/wp\/v2\/posts\/1993\/revisions\/1996"}],"wp:featuredmedia":[{"embeddable":true,"href":"https:\/\/extremasportscolombia.com.co\/index.php?rest_route=\/wp\/v2\/media\/1995"}],"wp:attachment":[{"href":"https:\/\/extremasportscolombia.com.co\/index.php?rest_route=%2Fwp%2Fv2%2Fmedia&parent=1993"}],"wp:term":[{"taxonomy":"category","embeddable":true,"href":"https:\/\/extremasportscolombia.com.co\/index.php?rest_route=%2Fwp%2Fv2%2Fcategories&post=1993"},{"taxonomy":"post_tag","embeddable":true,"href":"https:\/\/extremasportscolombia.com.co\/index.php?rest_route=%2Fwp%2Fv2%2Ftags&post=1993"},{"taxonomy":"post_badge","embeddable":true,"href":"https:\/\/extremasportscolombia.com.co\/index.php?rest_route=%2Fwp%2Fv2%2Fpost_badge&post=1993"}],"curies":[{"name":"wp","href":"https:\/\/api.w.org\/{rel}","templated":true}]}}