{"id":1627,"date":"2026-05-04T20:07:02","date_gmt":"2026-05-04T20:07:02","guid":{"rendered":"https:\/\/extremasportscolombia.com.co\/?p=1627"},"modified":"2026-07-03T20:19:49","modified_gmt":"2026-07-03T20:19:49","slug":"inter-de-milan-campeon-de-la-serie-a-2025-26-dominio-y-caracter-de-principio-a-fin","status":"publish","type":"post","link":"https:\/\/extremasportscolombia.com.co\/?p=1627","title":{"rendered":"Inter de Mil\u00e1n, campe\u00f3n de la Serie A 2025-26: dominio y car\u00e1cter de principio a fin"},"content":{"rendered":"\n<p class=\"wp-block-paragraph\">El Inter de Mil\u00e1n ha vuelto a lo m\u00e1s alto del f\u00fatbol italiano tras consagrarse campe\u00f3n de la Serie A en la temporada 2025-26. Con una campa\u00f1a s\u00f3lida, equilibrada y llena de momentos decisivos, el conjunto \u201cnerazzurro\u201d reafirma su estatus como uno de los grandes dominadores del calcio.<\/p>\n\n\n\n<p class=\"wp-block-paragraph\">Desde el inicio del campeonato, el Inter mostr\u00f3 una propuesta clara: solidez defensiva, eficacia en ataque y una regularidad que marc\u00f3 la diferencia frente a sus rivales directos. Jornada tras jornada, el equipo supo mantener el liderato gracias a un plantel competitivo y a una idea de juego bien ejecutada.<\/p>\n\n\n\n<p class=\"wp-block-paragraph\">Uno de los puntos clave del t\u00edtulo fue su capacidad para responder en los partidos importantes. Enfrentamientos directos ante equipos como la Juventus, el AC Milan y la AS Roma terminaron inclinando la balanza a su favor, consolidando su camino hacia el campeonato.<\/p>\n\n\n\n<p class=\"wp-block-paragraph\">Adem\u00e1s, el rendimiento colectivo fue determinante. M\u00e1s all\u00e1 de las individualidades, el Inter funcion\u00f3 como un bloque compacto, donde cada jugador cumpli\u00f3 su rol con disciplina t\u00e1ctica y compromiso. Esta cohesi\u00f3n fue fundamental para sostener el ritmo competitivo durante toda la temporada.<\/p>\n\n\n\n<p class=\"wp-block-paragraph\">Con este nuevo t\u00edtulo, el Inter de Mil\u00e1n no solo suma otro trofeo a su historia, sino que tambi\u00e9n env\u00eda un mensaje claro al f\u00fatbol europeo: est\u00e1 listo para seguir compitiendo al m\u00e1s alto nivel.<\/p>\n\n\n\n<p class=\"wp-block-paragraph\">En definitiva, el Inter de Mil\u00e1n no solo se consagra campe\u00f3n de la Serie A 2025-26, sino que lo hace dejando una huella clara de superioridad, constancia y ambici\u00f3n. Este t\u00edtulo no es casualidad, sino el resultado de un proyecto s\u00f3lido que supo imponerse en los momentos clave. Con esta conquista, el Inter reafirma su grandeza en Italia y se perfila como un serio contendiente en el escenario europeo para las pr\u00f3ximas temporadas.<\/p>\n","protected":false},"excerpt":{"rendered":"<p>El Inter de Mil\u00e1n ha vuelto a lo m\u00e1s alto del f\u00fatbol italiano tras consagrarse&#8230;<\/p>\n","protected":false},"author":1,"featured_media":1822,"comment_status":"open","ping_status":"open","sticky":false,"template":"","format":"standard","meta":{"_monsterinsights_skip_tracking":false,"footnotes":"","jetpack_publicize_message":"","jetpack_publicize_feature_enabled":true,"jetpack_social_post_already_shared":false,"jetpack_social_options":{"image_generator_settings":{"template":"highway","default_image_id":0,"font":"","enabled":false},"version":2}},"categories":[11],"tags":[],"post_badge":[],"class_list":["post-1627","post","type-post","status-publish","format-standard","has-post-thumbnail","hentry","category-futbol-internacional"],"jetpack_publicize_connections":[],"featured_image_urls":{"full":["https:\/\/extremasportscolombia.com.co\/wp-content\/uploads\/2026\/05\/interde-milan.webp",300,200,false],"thumbnail":["https:\/\/extremasportscolombia.com.co\/wp-content\/uploads\/2026\/05\/interde-milan-150x150.webp",150,150,true],"medium":["https:\/\/extremasportscolombia.com.co\/wp-content\/uploads\/2026\/05\/interde-milan.webp",300,200,false],"medium_large":["https:\/\/extremasportscolombia.com.co\/wp-content\/uploads\/2026\/05\/interde-milan.webp",300,200,false],"large":["https:\/\/extremasportscolombia.com.co\/wp-content\/uploads\/2026\/05\/interde-milan.webp",300,200,false],"1536x1536":["https:\/\/extremasportscolombia.com.co\/wp-content\/uploads\/2026\/05\/interde-milan.webp",300,200,false],"2048x2048":["https:\/\/extremasportscolombia.com.co\/wp-content\/uploads\/2026\/05\/interde-milan.webp",300,200,false],"covernews-slider-full":["https:\/\/extremasportscolombia.com.co\/wp-content\/uploads\/2026\/05\/interde-milan.webp",300,200,false],"covernews-slider-center":["https:\/\/extremasportscolombia.com.co\/wp-content\/uploads\/2026\/05\/interde-milan.webp",300,200,false],"covernews-featured":["https:\/\/extremasportscolombia.com.co\/wp-content\/uploads\/2026\/05\/interde-milan.webp",300,200,false],"covernews-medium":["https:\/\/extremasportscolombia.com.co\/wp-content\/uploads\/2026\/05\/interde-milan.webp",300,200,false],"covernews-medium-square":["https:\/\/extremasportscolombia.com.co\/wp-content\/uploads\/2026\/05\/interde-milan.webp",300,200,false]},"author_info":{"display_name":"admin","author_link":"https:\/\/extremasportscolombia.com.co\/?author=1"},"category_info":"<a href=\"https:\/\/extremasportscolombia.com.co\/?cat=11\" rel=\"category\">Futbol internacional<\/a>","tag_info":"Futbol internacional","comment_count":"0","_links":{"self":[{"href":"https:\/\/extremasportscolombia.com.co\/index.php?rest_route=\/wp\/v2\/posts\/1627","targetHints":{"allow":["GET"]}}],"collection":[{"href":"https:\/\/extremasportscolombia.com.co\/index.php?rest_route=\/wp\/v2\/posts"}],"about":[{"href":"https:\/\/extremasportscolombia.com.co\/index.php?rest_route=\/wp\/v2\/types\/post"}],"author":[{"embeddable":true,"href":"https:\/\/extremasportscolombia.com.co\/index.php?rest_route=\/wp\/v2\/users\/1"}],"replies":[{"embeddable":true,"href":"https:\/\/extremasportscolombia.com.co\/index.php?rest_route=%2Fwp%2Fv2%2Fcomments&post=1627"}],"version-history":[{"count":4,"href":"https:\/\/extremasportscolombia.com.co\/index.php?rest_route=\/wp\/v2\/posts\/1627\/revisions"}],"predecessor-version":[{"id":1633,"href":"https:\/\/extremasportscolombia.com.co\/index.php?rest_route=\/wp\/v2\/posts\/1627\/revisions\/1633"}],"wp:featuredmedia":[{"embeddable":true,"href":"https:\/\/extremasportscolombia.com.co\/index.php?rest_route=\/wp\/v2\/media\/1822"}],"wp:attachment":[{"href":"https:\/\/extremasportscolombia.com.co\/index.php?rest_route=%2Fwp%2Fv2%2Fmedia&parent=1627"}],"wp:term":[{"taxonomy":"category","embeddable":true,"href":"https:\/\/extremasportscolombia.com.co\/index.php?rest_route=%2Fwp%2Fv2%2Fcategories&post=1627"},{"taxonomy":"post_tag","embeddable":true,"href":"https:\/\/extremasportscolombia.com.co\/index.php?rest_route=%2Fwp%2Fv2%2Ftags&post=1627"},{"taxonomy":"post_badge","embeddable":true,"href":"https:\/\/extremasportscolombia.com.co\/index.php?rest_route=%2Fwp%2Fv2%2Fpost_badge&post=1627"}],"curies":[{"name":"wp","href":"https:\/\/api.w.org\/{rel}","templated":true}]}}